{"id":15779,"date":"2026-03-20T16:24:23","date_gmt":"2026-03-20T19:24:23","guid":{"rendered":"https:\/\/jeffersonisac.adv.br\/index.php\/2026\/03\/20\/comissao-aprova-uso-do-fundo-de-fiscalizacao-das-telecomunicacoes-em-seguranca-publica\/"},"modified":"2026-03-20T16:24:23","modified_gmt":"2026-03-20T19:24:23","slug":"comissao-aprova-uso-do-fundo-de-fiscalizacao-das-telecomunicacoes-em-seguranca-publica","status":"publish","type":"post","link":"https:\/\/jeffersonisac.adv.br\/index.php\/2026\/03\/20\/comissao-aprova-uso-do-fundo-de-fiscalizacao-das-telecomunicacoes-em-seguranca-publica\/","title":{"rendered":"Comiss\u00e3o aprova uso do Fundo de Fiscaliza\u00e7\u00e3o das Telecomunica\u00e7\u00f5es em seguran\u00e7a p\u00fablica"},"content":{"rendered":"<div class=\"image-container\">\n<div class=\"midia-creditos\"><em>Kayo Magalh\u00e3es \/ C\u00e2mara dos Deputados<\/em><\/div>\n<div class=\"media-wrapper\"><\/div>\n<div class=\"midia-legenda\">Jadyel: o objetivo \u00e9 viabilizar a repress\u00e3o de crimes nessa \u00e1rea<\/div>\n<\/div>\n<p>A Comiss\u00e3o de Comunica\u00e7\u00e3o da C\u00e2mara dos Deputados aprovou proposta que permite repasse de recursos do Fundo de Fiscaliza\u00e7\u00e3o das Telecomunica\u00e7\u00f5es (Fistel) para \u00f3rg\u00e3os de intelig\u00eancia de seguran\u00e7a p\u00fablica com a finalidade de identificar amea\u00e7as e reprimir crimes contra a infraestrutura de telecomunica\u00e7\u00f5es, como roubo de cabos e baterias.<\/p>\n<p>O texto inclui a medida na <a class=\"linkLegislacao\" href=\"https:\/\/www2.camara.gov.br\/legin\/fed\/lei\/1960-1969\/lei-5070-7-julho-1966-364619-norma-pl.html\">Lei do Fistel<\/a>, que hoje prev\u00ea que os recursos sejam aplicados pela Ag\u00eancia Nacional de Telecomunica\u00e7\u00f5es (Anatel) na fiscaliza\u00e7\u00e3o dos servi\u00e7os de telecomunica\u00e7\u00f5es; na aquisi\u00e7\u00e3o de material necess\u00e1rio aos servi\u00e7os de fiscaliza\u00e7\u00e3o; e na fiscaliza\u00e7\u00e3o da elabora\u00e7\u00e3o e execu\u00e7\u00e3o de planos e projetos referentes \u00e0s telecomunica\u00e7\u00f5es. A proposta tamb\u00e9m prev\u00ea o apoio a identificar amea\u00e7as e a prevenir il\u00edcitos contra infraestrutura de telecomunica\u00e7\u00f5es como uma das destina\u00e7\u00f5es do fundo.<\/p>\n<p>O texto aprovado \u00e9 um <span class=\"termoGlossario\">substitutivo<\/span> do deputado Jadyel Alencar (Republicanos-PI) ao <a class=\"linkProposicao\" href=\"https:\/\/www.camara.leg.br\/noticias\/1005367-projeto-permite-que-fundo-de-fiscalizacao-das-telecomunicacoes-seja-repassado-para-policias\">Projeto de Lei 3698\/23<\/a>, do deputado Alberto Fraga (PL-DF). O texto original n\u00e3o fala da nova destina\u00e7\u00e3o dos recursos do fundo.<\/p>\n<p>Aelencar afirmou que o objetivo \u00e9 viabilizar repasses a \u00f3rg\u00e3os de intelig\u00eancia ou de seguran\u00e7a p\u00fablica destinados \u00e0 identifica\u00e7\u00e3o de amea\u00e7as, al\u00e9m de prevenir e reprimir crimes nessa \u00e1rea.<\/p>\n<p>&#8220;Trata-se de fortalecer a capacidade institucional do Estado para enfrentar um tipo de criminalidade que afeta diretamente a continuidade e a qualidade de servi\u00e7os essenciais \u00e0 sociedade&#8221;, disse.<\/p>\n<p><strong>Repasse<\/strong><br \/>\nAt\u00e9 10% dos recursos do fundo poder\u00e3o ser repassados a \u00f3rg\u00e3os de intelig\u00eancia ou seguran\u00e7a p\u00fablica, desde que o uso seja vinculado \u00e0 identifica\u00e7\u00e3o de amea\u00e7as e \u00e0 preven\u00e7\u00e3o ou repress\u00e3o de il\u00edcitos que atinjam a infraestrutura de telecomunica\u00e7\u00f5es.<\/p>\n<p>Para Alencar, a medida promove maior integra\u00e7\u00e3o entre as a\u00e7\u00f5es regulat\u00f3rias e a atua\u00e7\u00e3o policial e de intelig\u00eancia, refor\u00e7ando a capacidade do Estado de agir de forma r\u00e1pida e coordenada diante de incidentes.<\/p>\n<p><strong>Pr\u00f3ximos Passos<\/strong><br \/>\nO projeto ainda ser\u00e1 analisado, em <span class=\"termoGlossario\">car\u00e1ter conclusivo<\/span>, pelas comiss\u00f5es de Fiscaliza\u00e7\u00e3o Financeira e Controle e de Constitui\u00e7\u00e3o e Justi\u00e7a e de Cidadania.<\/p>\n<p><a href=\"https:\/\/www.camara.leg.br\/noticias\/573454-SAIBA-MAIS-SOBRE-A-TRAMITACAO-DE-PROJETOS-DE-LEI\">Saiba mais sobre a tramita\u00e7\u00e3o de projetos de lei<\/a><\/p>","protected":false},"excerpt":{"rendered":"<p>Kayo Magalh\u00e3es \/ C\u00e2mara dos Deputados Jadyel: o objetivo \u00e9 viabilizar a repress\u00e3o de crimes nessa \u00e1rea A Comiss\u00e3o de Comunica\u00e7\u00e3o da C\u00e2mara dos Deputados aprovou proposta que permite repasse de recursos do Fundo de Fiscaliza\u00e7\u00e3o das Telecomunica\u00e7\u00f5es (Fistel) para \u00f3rg\u00e3os de intelig\u00eancia de seguran\u00e7a p\u00fablica com a finalidade de identificar amea\u00e7as e reprimir crimes [&hellip;]<\/p>\n","protected":false},"author":0,"featured_media":0,"comment_status":"open","ping_status":"open","sticky":false,"template":"","format":"standard","meta":{"footnotes":""},"categories":[1],"tags":[],"_links":{"self":[{"href":"https:\/\/jeffersonisac.adv.br\/index.php\/wp-json\/wp\/v2\/posts\/15779"}],"collection":[{"href":"https:\/\/jeffersonisac.adv.br\/index.php\/wp-json\/wp\/v2\/posts"}],"about":[{"href":"https:\/\/jeffersonisac.adv.br\/index.php\/wp-json\/wp\/v2\/types\/post"}],"replies":[{"embeddable":true,"href":"https:\/\/jeffersonisac.adv.br\/index.php\/wp-json\/wp\/v2\/comments?post=15779"}],"version-history":[{"count":0,"href":"https:\/\/jeffersonisac.adv.br\/index.php\/wp-json\/wp\/v2\/posts\/15779\/revisions"}],"wp:attachment":[{"href":"https:\/\/jeffersonisac.adv.br\/index.php\/wp-json\/wp\/v2\/media?parent=15779"}],"wp:term":[{"taxonomy":"category","embeddable":true,"href":"https:\/\/jeffersonisac.adv.br\/index.php\/wp-json\/wp\/v2\/categories?post=15779"},{"taxonomy":"post_tag","embeddable":true,"href":"https:\/\/jeffersonisac.adv.br\/index.php\/wp-json\/wp\/v2\/tags?post=15779"}],"curies":[{"name":"wp","href":"https:\/\/api.w.org\/{rel}","templated":true}]}}