{"id":15780,"date":"2026-03-20T16:24:23","date_gmt":"2026-03-20T19:24:23","guid":{"rendered":"https:\/\/jeffersonisac.adv.br\/index.php\/2026\/03\/20\/comissao-aprova-quebra-de-sigilo-para-verificar-capacidade-de-pagar-pensao-alimenticia\/"},"modified":"2026-03-20T16:24:23","modified_gmt":"2026-03-20T19:24:23","slug":"comissao-aprova-quebra-de-sigilo-para-verificar-capacidade-de-pagar-pensao-alimenticia","status":"publish","type":"post","link":"https:\/\/jeffersonisac.adv.br\/index.php\/2026\/03\/20\/comissao-aprova-quebra-de-sigilo-para-verificar-capacidade-de-pagar-pensao-alimenticia\/","title":{"rendered":"Comiss\u00e3o aprova quebra de sigilo para verificar capacidade de pagar pens\u00e3o aliment\u00edcia"},"content":{"rendered":"<div class=\"image-container\">\n<div class=\"midia-creditos\"><em>Vinicius Loures \/ C\u00e2mara dos Deputados<\/em><\/div>\n<div class=\"media-wrapper\"><\/div>\n<div class=\"midia-legenda\">Laura Carneiro: <span>alimenta\u00e7\u00e3o dos filhos \u00e9 prioridade e pode superar direito ao sigilo<\/span><\/div>\n<\/div>\n<p>A Comiss\u00e3o de Previd\u00eancia, Assist\u00eancia Social, Inf\u00e2ncia, Adolesc\u00eancia e Fam\u00edlia da C\u00e2mara dos Deputados aprovou o Projeto de Lei Complementar 69\/25, que permite a quebra do sigilo banc\u00e1rio e fiscal de devedores de pens\u00e3o aliment\u00edcia para verificar sua real capacidade financeira para garantir o sustento dos filhos.<\/p>\n<p>Pelo texto, o acesso aos dados sigilosos do devedor independe de requisi\u00e7\u00e3o espec\u00edfica e pode ocorrer em qualquer etapa do processo, sem a necessidade de solicita\u00e7\u00f5es pr\u00e9vias ou provas iniciais de renda.<\/p>\n<p><span class=\"citation-417\">A proposta altera a lei que trata do sigilo das opera\u00e7\u00f5es de institui\u00e7\u00f5es financeiras (<a class=\"linkLegislacao\" href=\"https:\/\/www2.camara.gov.br\/legin\/fed\/leicom\/2001\/leicomplementar-105-10-janeiro-2001-355754-norma-pl.html\">Lei Complementar 105\/01<\/a>) para incluir essa nova possibilidade<\/span><span>. <\/span><span>Atualmente, o sigilo j\u00e1 pode ser quebrado em investiga\u00e7\u00f5es de crimes como lavagem de dinheiro e corrup\u00e7\u00e3o<\/span><span>.<\/span><\/p>\n<p><span><span class=\"citation-414\">A relatora, deputada Laura Carneiro (PSD-RJ), votou a favor do projeto e destacou que o Superior Tribunal de Justi\u00e7a (STJ) j\u00e1 possui decis\u00f5es nesse sentido<\/span><\/span><span>. <\/span><span>Segundo ela, a prote\u00e7\u00e3o \u00e0 alimenta\u00e7\u00e3o de crian\u00e7as e adolescentes \u00e9 prioridade e pode superar o direito ao sigilo banc\u00e1rio quando n\u00e3o houver outro meio de comprovar a renda<\/span><span>.<\/span><\/p>\n<p><span class=\"citation-412\">\u201cA iniciativa dialoga diretamente com os objetivos constitucionais de garantir \u00e0 crian\u00e7a e ao adolescente o direito \u00e0 alimenta\u00e7\u00e3o, \u00e0 dignidade e \u00e0 conviv\u00eancia familiar\u201d, afirmou a relatora no parecer aprovado<\/span><span>. <\/span><\/p>\n<p><span class=\"citation-411\">O projeto original foi apresentado pelo deputado C\u00e9lio Studart (PSD-CE)<\/span><span>.<\/span><\/p>\n<p><span><span class=\"citation-410\"><strong>Pr\u00f3ximas Etapas<\/strong><br \/>\nA proposta ser\u00e1 ainda analisada pelas comiss\u00f5es de Finan\u00e7as e Tributa\u00e7\u00e3o e de Constitui\u00e7\u00e3o e Justi\u00e7a e de Cidadania<\/span><\/span><span>. Depois, segue para an\u00e1lise do Plen\u00e1rio.<\/span><\/p>\n<p>Para virar lei, o texto deve ser aprovado pela C\u00e2mara e pelo Senado.<\/p>\n<p><a href=\"https:\/\/www.camara.leg.br\/noticias\/606442-conheca-a-tramitacao-de-projetos-de-lei-complementar\/\">Conhe\u00e7a a tramita\u00e7\u00e3o de projetos de lei complementar<\/a><\/p>","protected":false},"excerpt":{"rendered":"<p>Vinicius Loures \/ C\u00e2mara dos Deputados Laura Carneiro: alimenta\u00e7\u00e3o dos filhos \u00e9 prioridade e pode superar direito ao sigilo A Comiss\u00e3o de Previd\u00eancia, Assist\u00eancia Social, Inf\u00e2ncia, Adolesc\u00eancia e Fam\u00edlia da C\u00e2mara dos Deputados aprovou o Projeto de Lei Complementar 69\/25, que permite a quebra do sigilo banc\u00e1rio e fiscal de devedores de pens\u00e3o aliment\u00edcia para [&hellip;]<\/p>\n","protected":false},"author":0,"featured_media":0,"comment_status":"open","ping_status":"open","sticky":false,"template":"","format":"standard","meta":{"footnotes":""},"categories":[1],"tags":[],"_links":{"self":[{"href":"https:\/\/jeffersonisac.adv.br\/index.php\/wp-json\/wp\/v2\/posts\/15780"}],"collection":[{"href":"https:\/\/jeffersonisac.adv.br\/index.php\/wp-json\/wp\/v2\/posts"}],"about":[{"href":"https:\/\/jeffersonisac.adv.br\/index.php\/wp-json\/wp\/v2\/types\/post"}],"replies":[{"embeddable":true,"href":"https:\/\/jeffersonisac.adv.br\/index.php\/wp-json\/wp\/v2\/comments?post=15780"}],"version-history":[{"count":0,"href":"https:\/\/jeffersonisac.adv.br\/index.php\/wp-json\/wp\/v2\/posts\/15780\/revisions"}],"wp:attachment":[{"href":"https:\/\/jeffersonisac.adv.br\/index.php\/wp-json\/wp\/v2\/media?parent=15780"}],"wp:term":[{"taxonomy":"category","embeddable":true,"href":"https:\/\/jeffersonisac.adv.br\/index.php\/wp-json\/wp\/v2\/categories?post=15780"},{"taxonomy":"post_tag","embeddable":true,"href":"https:\/\/jeffersonisac.adv.br\/index.php\/wp-json\/wp\/v2\/tags?post=15780"}],"curies":[{"name":"wp","href":"https:\/\/api.w.org\/{rel}","templated":true}]}}