{"id":15782,"date":"2026-03-20T17:24:22","date_gmt":"2026-03-20T20:24:22","guid":{"rendered":"https:\/\/jeffersonisac.adv.br\/index.php\/2026\/03\/20\/comissao-aprova-isencao-de-taxa-em-concursos-para-beneficiarios-do-fies-e-do-prouni\/"},"modified":"2026-03-20T17:24:22","modified_gmt":"2026-03-20T20:24:22","slug":"comissao-aprova-isencao-de-taxa-em-concursos-para-beneficiarios-do-fies-e-do-prouni","status":"publish","type":"post","link":"https:\/\/jeffersonisac.adv.br\/index.php\/2026\/03\/20\/comissao-aprova-isencao-de-taxa-em-concursos-para-beneficiarios-do-fies-e-do-prouni\/","title":{"rendered":"Comiss\u00e3o aprova isen\u00e7\u00e3o de taxa em concursos para benefici\u00e1rios do Fies e do Prouni"},"content":{"rendered":"<div class=\"relative flex-1 overflow-hidden overflow-y-auto\">\n<div class=\"relative h-full\">\n<div class=\"scrollbar-gutter-stable\">\n<div class=\"flex flex-col pb-9 dark:bg-transparent\">\n<div>\n<div class=\"text-token-text-primary w-full border-0 bg-transparent dark:border-0 dark:bg-transparent\">\n<div class=\"m-auto justify-center p-4 py-2 md:gap-6 \">\n<div class=\"group mx-auto flex flex-1 gap-3 transition-all duration-300 transform-gpu md:max-w-[47rem] xl:max-w-[55rem] focus:outline-none focus:ring-2 focus:ring-border-xheavy message-render\">\n<div class=\"relative flex w-11\/12 flex-col agent-turn\">\n<div class=\"flex flex-col gap-1\">\n<div class=\"flex max-w-full flex-grow flex-col gap-0\">\n<div class=\"text-message flex min-h-[20px] flex-col items-start gap-3 overflow-visible [.text-message+&amp;]:mt-5\">\n<div class=\"markdown prose message-content dark:prose-invert light w-full break-words dark:text-gray-100\">\n<div class=\"image-container\">\n<div class=\"midia-creditos\"><em>Vinicius Loures \/ C\u00e2mara dos Deputados<\/em><\/div>\n<div class=\"media-wrapper\"><\/div>\n<div class=\"midia-legenda\">Prof\u00aa Luciene: continuidade l\u00f3gica das pol\u00edticas de inclus\u00e3o<\/div>\n<\/div>\n<p class=\"mb-2 whitespace-pre-wrap\">A Comiss\u00e3o de Administra\u00e7\u00e3o e Servi\u00e7o P\u00fablico da C\u00e2mara dos Deputados aprovou proposta que isenta do pagamento de taxa de inscri\u00e7\u00e3o em concursos p\u00fablicos federais os candidatos que cursaram o ensino superior como benefici\u00e1rios do Fundo de Financiamento Estudantil (Fies) ou do Programa Universidade para Todos (Prouni).<\/p>\n<p class=\"mb-2 whitespace-pre-wrap\">O colegiado aprovou o parecer favor\u00e1vel da relatora, deputada Professora Luciene Cavalcante (Psol-SP), ao Projeto de Lei 2267\/25, do deputado Pastor Henrique Vieira (Psol-RJ).<\/p>\n<p class=\"mb-2 whitespace-pre-wrap\">Atualmente, a <a class=\"linkLegislacao\" href=\"https:\/\/www2.camara.gov.br\/legin\/fed\/lei\/2018\/lei-13656-30-abril-2018-786628-norma-pl.html\">Lei 13.656\/18<\/a> garante a isen\u00e7\u00e3o apenas para candidatos inscritos no Cadastro \u00danico (Cad\u00danico) e para doadores de medula \u00f3ssea. O texto aprovado amplia esse benef\u00edcio para rec\u00e9m-formados que dependeram de programas sociais para concluir a gradua\u00e7\u00e3o, removendo barreiras financeiras para o acesso ao servi\u00e7o p\u00fablico.<\/p>\n<p class=\"mb-2 whitespace-pre-wrap\"><strong>Crit\u00e9rios para isen\u00e7\u00e3o<br \/>\n<\/strong>Pelo novo texto, a isen\u00e7\u00e3o vale para concursos de \u00f3rg\u00e3os da administra\u00e7\u00e3o direta e indireta da Uni\u00e3o. Para ter direito ao benef\u00edcio, o candidato dever\u00e1 comprovar sua condi\u00e7\u00e3o mediante documento oficial emitido pela institui\u00e7\u00e3o de ensino ou pelo \u00f3rg\u00e3o gestor dos programas.<\/p>\n<p class=\"mb-2 whitespace-pre-wrap\">No entanto, o projeto estabelece que a isen\u00e7\u00e3o n\u00e3o se aplica aos candidatos que j\u00e1 quitaram integralmente seus d\u00e9bitos junto ao Fies.<\/p>\n<p class=\"mb-2 whitespace-pre-wrap\"><strong>Inclus\u00e3o social<br \/>\n<\/strong>A relatora destacou que a medida \u00e9 uma continuidade l\u00f3gica das pol\u00edticas de inclus\u00e3o. Dados apresentados no relat\u00f3rio apontam que a maioria dos benefici\u00e1rios desses programas pertence a grupos historicamente sub-representados, como negros e mulheres.<\/p>\n<p class=\"mb-2 whitespace-pre-wrap\">&#8220;N\u00e3o seria razo\u00e1vel que o Estado, ap\u00f3s investir na forma\u00e7\u00e3o desses cidad\u00e3os, permitisse que barreiras financeiras impedissem seu acesso a oportunidades de trabalho qualificado. As taxas de inscri\u00e7\u00e3o, que frequentemente ultrapassam R$ 100,00, representam obst\u00e1culos consider\u00e1veis&#8221;, afirmou a deputada Professora Luciene Cavalcante.<\/p>\n<p class=\"mb-2 whitespace-pre-wrap\"><strong>Pr\u00f3ximos passos<br \/>\n<\/strong>A proposta, que tramita em <span class=\"termoGlossario\">car\u00e1ter conclusivo<\/span>, ainda ser\u00e1 analisada pelas Comiss\u00f5es de Finan\u00e7as e Tributa\u00e7\u00e3o e de Constitui\u00e7\u00e3o e Justi\u00e7a e de Cidadania (CCJ).<\/p>\n<\/div>\n<\/div>\n<\/div>\n<div class=\"mt-1 flex justify-start gap-3 empty:hidden lg:flex text-xs\">\n<div class=\"group visible flex justify-center gap-0.5 self-end focus-within:outline-none lg:justify-start\"><a href=\"https:\/\/www.camara.leg.br\/noticias\/573454-SAIBA-MAIS-SOBRE-A-TRAMITACAO-DE-PROJETOS-DE-LEI\">Saiba mais sobre a tramita\u00e7\u00e3o de projetos de lei<\/a><\/div>\n<\/div>\n<\/div>\n<\/div>\n<\/div>\n<\/div>\n<\/div>\n<\/div>\n<\/div>\n<\/div>\n<\/div>\n<\/div>","protected":false},"excerpt":{"rendered":"<p>Vinicius Loures \/ C\u00e2mara dos Deputados Prof\u00aa Luciene: continuidade l\u00f3gica das pol\u00edticas de inclus\u00e3o A Comiss\u00e3o de Administra\u00e7\u00e3o e Servi\u00e7o P\u00fablico da C\u00e2mara dos Deputados aprovou proposta que isenta do pagamento de taxa de inscri\u00e7\u00e3o em concursos p\u00fablicos federais os candidatos que cursaram o ensino superior como benefici\u00e1rios do Fundo de Financiamento Estudantil (Fies) ou [&hellip;]<\/p>\n","protected":false},"author":0,"featured_media":0,"comment_status":"open","ping_status":"open","sticky":false,"template":"","format":"standard","meta":{"footnotes":""},"categories":[1],"tags":[],"_links":{"self":[{"href":"https:\/\/jeffersonisac.adv.br\/index.php\/wp-json\/wp\/v2\/posts\/15782"}],"collection":[{"href":"https:\/\/jeffersonisac.adv.br\/index.php\/wp-json\/wp\/v2\/posts"}],"about":[{"href":"https:\/\/jeffersonisac.adv.br\/index.php\/wp-json\/wp\/v2\/types\/post"}],"replies":[{"embeddable":true,"href":"https:\/\/jeffersonisac.adv.br\/index.php\/wp-json\/wp\/v2\/comments?post=15782"}],"version-history":[{"count":0,"href":"https:\/\/jeffersonisac.adv.br\/index.php\/wp-json\/wp\/v2\/posts\/15782\/revisions"}],"wp:attachment":[{"href":"https:\/\/jeffersonisac.adv.br\/index.php\/wp-json\/wp\/v2\/media?parent=15782"}],"wp:term":[{"taxonomy":"category","embeddable":true,"href":"https:\/\/jeffersonisac.adv.br\/index.php\/wp-json\/wp\/v2\/categories?post=15782"},{"taxonomy":"post_tag","embeddable":true,"href":"https:\/\/jeffersonisac.adv.br\/index.php\/wp-json\/wp\/v2\/tags?post=15782"}],"curies":[{"name":"wp","href":"https:\/\/api.w.org\/{rel}","templated":true}]}}