{"id":15784,"date":"2026-03-20T18:24:38","date_gmt":"2026-03-20T21:24:38","guid":{"rendered":"https:\/\/jeffersonisac.adv.br\/index.php\/2026\/03\/20\/sessao-na-camara-marca-dia-da-sindrome-de-down-e-reforca-combate-a-exclusao\/"},"modified":"2026-03-20T18:24:38","modified_gmt":"2026-03-20T21:24:38","slug":"sessao-na-camara-marca-dia-da-sindrome-de-down-e-reforca-combate-a-exclusao","status":"publish","type":"post","link":"https:\/\/jeffersonisac.adv.br\/index.php\/2026\/03\/20\/sessao-na-camara-marca-dia-da-sindrome-de-down-e-reforca-combate-a-exclusao\/","title":{"rendered":"Sess\u00e3o na C\u00e2mara marca Dia da S\u00edndrome de Down e refor\u00e7a combate \u00e0 exclus\u00e3o"},"content":{"rendered":"<div class=\"image-container\">\n<div class=\"midia-creditos\"><em>Kayo Magalh\u00e3es \/ C\u00e2mara dos Deputados<\/em><\/div>\n<div class=\"media-wrapper\"><\/div>\n<div class=\"midia-legenda\">Durante a sess\u00e3o, pessoas com s\u00edndrome de Down ocuparam a mesa do plen\u00e1rio<\/div>\n<\/div>\n<p>A C\u00e2mara dos Deputados realizou, nesta sexta-feira (20), uma sess\u00e3o solene em homenagem ao Dia Internacional da S\u00edndrome de Down. O evento destacou a necessidade de ampliar a inclus\u00e3o e combater a solid\u00e3o de pessoas com defici\u00eancia.<\/p>\n<p>Com o lema \u201cAmizade, acolhimento e inclus\u00e3o: X\u00f4 solid\u00e3o\u201d, parlamentares e representantes da sociedade civil defenderam pol\u00edticas p\u00fablicas que garantam autonomia e oportunidades de conviv\u00eancia social.<\/p>\n<p>A deputada Erika Kokay (PT-DF), autora do requerimento da sess\u00e3o, disse que a sociedade s\u00f3 \u00e9 democr\u00e1tica quando reconhece a diversidade. \u201cA inclus\u00e3o come\u00e7a quando convivemos, compartilhamos e respeitamos nossas diferen\u00e7as. Precisamos de uma sociedade acess\u00edvel do ponto de vista emocional, atitudinal e arquitet\u00f4nico\u201d, afirmou.<\/p>\n<p><strong>Isolamento<br \/>\n<\/strong>O tema deste ano \u00e9 o combate \u00e0 solid\u00e3o, um desafio comum para pessoas com defici\u00eancia intelectual na adolesc\u00eancia e na vida adulta.<\/p>\n<p>A presidenta da Federa\u00e7\u00e3o Brasileira das Associa\u00e7\u00f5es de S\u00edndrome de Down, Cleonice Bonda de Lima, afirmou que a falta de conv\u00edvio \u00e9 uma barreira \u00e0 inclus\u00e3o. \u201cTransformamos o lema da ONU em \u2018X\u00f4 solid\u00e3o\u2019 porque o acolhimento e a inclus\u00e3o evitam o afastamento dos espa\u00e7os de conviv\u00eancia\u201d, disse.<\/p>\n<p>Segundo ela, 92% das pessoas com defici\u00eancia estudam em classes regulares, mas ainda faltam recursos e tecnologia assistiva nas escolas.<\/p>\n<p>O ativista Michel Platini, do Centro de Direitos Humanos, criticou a falta de monitores nas escolas do Distrito Federal. Segundo ele, a aus\u00eancia desses profissionais prejudica estudantes com autismo ou com s\u00edndrome de Down.<\/p>\n<p>\u201cSem monitor e sem apoio comunit\u00e1rio, a inclus\u00e3o n\u00e3o ser\u00e1 efetiva. Ao negar esse apoio, o Estado compromete o futuro dessas pessoas\u201d, afirmou.<\/p>\n<div class=\"image-container\">\n<div class=\"midia-creditos\"><em>Kayo Magalh\u00e3es \/ C\u00e2mara dos Deputados<\/em><\/div>\n<div class=\"media-wrapper\"><\/div>\n<div class=\"midia-legenda\">Matheus Humberto: \u201cEstudei em escola regular e n\u00e3o foi f\u00e1cil, mas n\u00e3o desisti&#8221;<\/div>\n<\/div>\n<p><strong>Protagonismo<br \/>\n<\/strong>A sess\u00e3o teve forte participa\u00e7\u00e3o de pessoas com s\u00edndrome de Down, que ocuparam a mesa principal do plen\u00e1rio.<\/p>\n<p>Matheus Humberto, de 20 anos, relatou sua trajet\u00f3ria escolar. \u201cEstudei em escola regular e n\u00e3o foi f\u00e1cil, mas n\u00e3o desisti. Pessoas com s\u00edndrome de Down n\u00e3o querem apenas carinho. Querem oportunidades\u201d, declarou.<\/p>\n<p>Gustavo Fa\u00e7anha, formado em eventos, disse que limita\u00e7\u00f5es fazem parte da condi\u00e7\u00e3o humana. \u201cO que falta muitas vezes \u00e9 oportunidade e pol\u00edticas p\u00fablicas que nos apoiem\u201d, afirmou.<\/p>\n<p><strong>Esporte e cultura<br \/>\n<\/strong>O esporte foi apontado como ferramenta de socializa\u00e7\u00e3o. A equipe de futsal Down do Distrito Federal, campe\u00e3 recente de um torneio interestadual, foi homenageada.<\/p>\n<p>O capit\u00e3o Fernando Tocantins, conhecido como Dinho, destacou o trabalho dos professores e a dedica\u00e7\u00e3o da equipe na conquista.<\/p>\n<p>Na \u00e1rea cultural, Jana\u00edna Parente, presidenta do Instituto Apsdown, convidou o p\u00fablico para o Festdown, evento inclusivo que ocorrer\u00e1 neste s\u00e1bado (21) na Biblioteca Nacional, em Bras\u00edlia. Ela criticou atitudes capacitistas. \u201cMuitas vezes a sociedade nega espa\u00e7os. Precisamos superar a vis\u00e3o que trata a diversidade como peso\u201d, disse.<\/p>","protected":false},"excerpt":{"rendered":"<p>Kayo Magalh\u00e3es \/ C\u00e2mara dos Deputados Durante a sess\u00e3o, pessoas com s\u00edndrome de Down ocuparam a mesa do plen\u00e1rio A C\u00e2mara dos Deputados realizou, nesta sexta-feira (20), uma sess\u00e3o solene em homenagem ao Dia Internacional da S\u00edndrome de Down. O evento destacou a necessidade de ampliar a inclus\u00e3o e combater a solid\u00e3o de pessoas com [&hellip;]<\/p>\n","protected":false},"author":0,"featured_media":0,"comment_status":"open","ping_status":"open","sticky":false,"template":"","format":"standard","meta":{"footnotes":""},"categories":[1],"tags":[],"_links":{"self":[{"href":"https:\/\/jeffersonisac.adv.br\/index.php\/wp-json\/wp\/v2\/posts\/15784"}],"collection":[{"href":"https:\/\/jeffersonisac.adv.br\/index.php\/wp-json\/wp\/v2\/posts"}],"about":[{"href":"https:\/\/jeffersonisac.adv.br\/index.php\/wp-json\/wp\/v2\/types\/post"}],"replies":[{"embeddable":true,"href":"https:\/\/jeffersonisac.adv.br\/index.php\/wp-json\/wp\/v2\/comments?post=15784"}],"version-history":[{"count":0,"href":"https:\/\/jeffersonisac.adv.br\/index.php\/wp-json\/wp\/v2\/posts\/15784\/revisions"}],"wp:attachment":[{"href":"https:\/\/jeffersonisac.adv.br\/index.php\/wp-json\/wp\/v2\/media?parent=15784"}],"wp:term":[{"taxonomy":"category","embeddable":true,"href":"https:\/\/jeffersonisac.adv.br\/index.php\/wp-json\/wp\/v2\/categories?post=15784"},{"taxonomy":"post_tag","embeddable":true,"href":"https:\/\/jeffersonisac.adv.br\/index.php\/wp-json\/wp\/v2\/tags?post=15784"}],"curies":[{"name":"wp","href":"https:\/\/api.w.org\/{rel}","templated":true}]}}