{"id":15788,"date":"2026-03-23T10:24:25","date_gmt":"2026-03-23T13:24:25","guid":{"rendered":"https:\/\/jeffersonisac.adv.br\/index.php\/2026\/03\/23\/comissao-de-constituicao-e-justica-discute-fim-da-escala-6x1-e-reducao-da-jornada-de-trabalho\/"},"modified":"2026-03-23T10:24:25","modified_gmt":"2026-03-23T13:24:25","slug":"comissao-de-constituicao-e-justica-discute-fim-da-escala-6x1-e-reducao-da-jornada-de-trabalho","status":"publish","type":"post","link":"https:\/\/jeffersonisac.adv.br\/index.php\/2026\/03\/23\/comissao-de-constituicao-e-justica-discute-fim-da-escala-6x1-e-reducao-da-jornada-de-trabalho\/","title":{"rendered":"Comiss\u00e3o de Constitui\u00e7\u00e3o e Justi\u00e7a discute fim da escala 6X1 e redu\u00e7\u00e3o da jornada de trabalho"},"content":{"rendered":"<div class=\"image-container\">\n<div class=\"midia-creditos\"><em>Zeca Ribeiro \/ C\u00e2mara dos Deputados<\/em><\/div>\n<div class=\"media-wrapper\"><\/div>\n<div class=\"midia-legenda\">Paulo Azi prop\u00f4s a realiza\u00e7\u00e3o do debate<\/div>\n<\/div>\n<p>A Comiss\u00e3o de Constitui\u00e7\u00e3o e Justi\u00e7a e de Cidadania (CCJ) da C\u00e2mara dos Deputados promove audi\u00eancia p\u00fablica nesta ter\u00e7a-feira (24) para discutir propostas que tratam do fim da escala 6&#215;1 (seis dias de trabalho e um de descanso por semana) e da redu\u00e7\u00e3o da jornada de trabalho no Brasil.<\/p>\n<p>A reuni\u00e3o ser\u00e1 realizada no plen\u00e1rio 1, \u00e0s 14 horas.<\/p>\n<p><a href=\"https:\/\/www.camara.leg.br\/evento-legislativo\/81390\">Veja quem foi convidado<\/a><\/p>\n<p>A CCJ deve analisar a <span class=\"termoGlossario\">admissibilidade<\/span> da <a class=\"linkProposicao\" href=\"https:\/\/www.camara.leg.br\/noticias\/1136412-pec-preve-a-adocao-da-jornada-de-quatro-dias-de-trabalho-para-todos-os-trabalhadores-brasileiros\">PEC 8\/25<\/a>, da deputada Erika Hilton (Psol-SP); e da <a class=\"linkProposicao\" href=\"https:\/\/www.camara.leg.br\/noticias\/632530-pec-reduz-jornada-semanal-de-trabalho-de-44-para-36-horas\">PEC 221\/19<\/a>, do deputado Reginaldo Lopes (PT-MG).<\/p>\n<p>O debate atende a pedido do deputado Paulo Azi (Uni\u00e3o-BA), relator das propostas. &#8220;A redu\u00e7\u00e3o da jornada de trabalho e o fim da escala 6&#215;1 constituem temas hist\u00f3ricos e de grande relev\u00e2ncia para a popula\u00e7\u00e3o, refletindo as transforma\u00e7\u00f5es impulsionadas pelo avan\u00e7o tecnol\u00f3gico e pela necessidade de garantir mais qualidade de vida ao trabalhador&#8221;, afirma.<\/p>\n<p>O parlamentar destaca a import\u00e2ncia de ouvir patr\u00f5es, funcion\u00e1rios e especialistas sobre os impactos sociais, culturais e econ\u00f4micos das propostas.<\/p>","protected":false},"excerpt":{"rendered":"<p>Zeca Ribeiro \/ C\u00e2mara dos Deputados Paulo Azi prop\u00f4s a realiza\u00e7\u00e3o do debate A Comiss\u00e3o de Constitui\u00e7\u00e3o e Justi\u00e7a e de Cidadania (CCJ) da C\u00e2mara dos Deputados promove audi\u00eancia p\u00fablica nesta ter\u00e7a-feira (24) para discutir propostas que tratam do fim da escala 6&#215;1 (seis dias de trabalho e um de descanso por semana) e da [&hellip;]<\/p>\n","protected":false},"author":0,"featured_media":0,"comment_status":"open","ping_status":"open","sticky":false,"template":"","format":"standard","meta":{"footnotes":""},"categories":[1],"tags":[],"_links":{"self":[{"href":"https:\/\/jeffersonisac.adv.br\/index.php\/wp-json\/wp\/v2\/posts\/15788"}],"collection":[{"href":"https:\/\/jeffersonisac.adv.br\/index.php\/wp-json\/wp\/v2\/posts"}],"about":[{"href":"https:\/\/jeffersonisac.adv.br\/index.php\/wp-json\/wp\/v2\/types\/post"}],"replies":[{"embeddable":true,"href":"https:\/\/jeffersonisac.adv.br\/index.php\/wp-json\/wp\/v2\/comments?post=15788"}],"version-history":[{"count":0,"href":"https:\/\/jeffersonisac.adv.br\/index.php\/wp-json\/wp\/v2\/posts\/15788\/revisions"}],"wp:attachment":[{"href":"https:\/\/jeffersonisac.adv.br\/index.php\/wp-json\/wp\/v2\/media?parent=15788"}],"wp:term":[{"taxonomy":"category","embeddable":true,"href":"https:\/\/jeffersonisac.adv.br\/index.php\/wp-json\/wp\/v2\/categories?post=15788"},{"taxonomy":"post_tag","embeddable":true,"href":"https:\/\/jeffersonisac.adv.br\/index.php\/wp-json\/wp\/v2\/tags?post=15788"}],"curies":[{"name":"wp","href":"https:\/\/api.w.org\/{rel}","templated":true}]}}