{"id":15789,"date":"2026-03-23T10:24:25","date_gmt":"2026-03-23T13:24:25","guid":{"rendered":"https:\/\/jeffersonisac.adv.br\/index.php\/2026\/03\/23\/comissao-especial-debate-formacao-de-condutores-no-brasil\/"},"modified":"2026-03-23T10:24:25","modified_gmt":"2026-03-23T13:24:25","slug":"comissao-especial-debate-formacao-de-condutores-no-brasil","status":"publish","type":"post","link":"https:\/\/jeffersonisac.adv.br\/index.php\/2026\/03\/23\/comissao-especial-debate-formacao-de-condutores-no-brasil\/","title":{"rendered":"Comiss\u00e3o especial debate forma\u00e7\u00e3o de condutores no Brasil"},"content":{"rendered":"<div class=\"image-container\">\n<div class=\"midia-creditos\"><em>Divulga\u00e7\u00e3o\/Ag\u00eancia de Not\u00edcias do Paran\u00e1<\/em><\/div>\n<div class=\"media-wrapper\"><\/div>\n<div class=\"midia-legenda\">Debate abordar\u00e1 mudan\u00e7as no processo de habilita\u00e7\u00e3o<\/div>\n<\/div>\n<p>A <span class=\"termoGlossario\">comiss\u00e3o especial<\/span> da C\u00e2mara dos Deputados que analisa mudan\u00e7as no <a href=\"https:\/\/www2.camara.leg.br\/legin\/fed\/lei\/1997\/lei-9503-23-setembro-1997-372348-norma-pl.html\">C\u00f3digo de Tr\u00e2nsito Brasileiro<\/a>, previstas no <a class=\"linkProposicao\" href=\"https:\/\/www.camara.leg.br\/noticias\/690732-projeto-desobriga-formacao-em-autoescola-para-obter-carteira-de-motorista\">PL 8085\/14<\/a>, debate, nesta quarta-feira (25), a forma\u00e7\u00e3o de condutores no Brasil.<\/p>\n<p>O debate ser\u00e1 realizado \u00e0s 14 horas, no plen\u00e1rio 8.<\/p>\n<p><a href=\"https:\/\/www.camara.leg.br\/evento-legislativo\/81398\">Veja quem foi convidado para o debate.<\/a><\/p>\n<p>O debate atende a pedidos da deputada Erika Kokay (PT-DF) e dos\u00a0deputados Aureo Ribeiro (Solidariedade-RJ) e Fausto Pinato (PP-SP). Segundo os parlamentares, o objetivo \u00e9 avaliar as mudan\u00e7as no processo e aprimorar as pol\u00edticas p\u00fablicas voltadas \u00e0 seguran\u00e7a no tr\u00e2nsito.<\/p>\n<p>Erika Kokay afirma que a forma\u00e7\u00e3o de motoristas est\u00e1 diretamente relacionada \u00e0 prote\u00e7\u00e3o da vida, \u00e0 integridade f\u00edsica das pessoas e \u00e0 promo\u00e7\u00e3o de um tr\u00e2nsito mais seguro.<\/p>\n<p>Aureo Ribeiro destaca que a audi\u00eancia p\u00fablica tamb\u00e9m permitir\u00e1 avaliar o modelo atual, identificar gargalos e excesso de burocracia, bem como poss\u00edveis solu\u00e7\u00f5es para aperfei\u00e7oar o sistema. &#8220;A forma\u00e7\u00e3o adequada de condutores constitui etapa fundamental para a preven\u00e7\u00e3o de sinistros e para a constru\u00e7\u00e3o de um ambiente vi\u00e1rio mais seguro e respons\u00e1vel&#8221;, afirma.<\/p>\n<p>J\u00e1 Fausto Pinato ressalta a import\u00e2ncia de discutir os crit\u00e9rios de forma\u00e7\u00e3o, qualifica\u00e7\u00e3o e atualiza\u00e7\u00e3o profissional dos instrutores dos Centros de Forma\u00e7\u00e3o de Condutores (CFCs), respons\u00e1veis pela prepara\u00e7\u00e3o dos novos motoristas.<\/p>","protected":false},"excerpt":{"rendered":"<p>Divulga\u00e7\u00e3o\/Ag\u00eancia de Not\u00edcias do Paran\u00e1 Debate abordar\u00e1 mudan\u00e7as no processo de habilita\u00e7\u00e3o A comiss\u00e3o especial da C\u00e2mara dos Deputados que analisa mudan\u00e7as no C\u00f3digo de Tr\u00e2nsito Brasileiro, previstas no PL 8085\/14, debate, nesta quarta-feira (25), a forma\u00e7\u00e3o de condutores no Brasil. O debate ser\u00e1 realizado \u00e0s 14 horas, no plen\u00e1rio 8. Veja quem foi convidado [&hellip;]<\/p>\n","protected":false},"author":0,"featured_media":0,"comment_status":"open","ping_status":"open","sticky":false,"template":"","format":"standard","meta":{"footnotes":""},"categories":[1],"tags":[],"_links":{"self":[{"href":"https:\/\/jeffersonisac.adv.br\/index.php\/wp-json\/wp\/v2\/posts\/15789"}],"collection":[{"href":"https:\/\/jeffersonisac.adv.br\/index.php\/wp-json\/wp\/v2\/posts"}],"about":[{"href":"https:\/\/jeffersonisac.adv.br\/index.php\/wp-json\/wp\/v2\/types\/post"}],"replies":[{"embeddable":true,"href":"https:\/\/jeffersonisac.adv.br\/index.php\/wp-json\/wp\/v2\/comments?post=15789"}],"version-history":[{"count":0,"href":"https:\/\/jeffersonisac.adv.br\/index.php\/wp-json\/wp\/v2\/posts\/15789\/revisions"}],"wp:attachment":[{"href":"https:\/\/jeffersonisac.adv.br\/index.php\/wp-json\/wp\/v2\/media?parent=15789"}],"wp:term":[{"taxonomy":"category","embeddable":true,"href":"https:\/\/jeffersonisac.adv.br\/index.php\/wp-json\/wp\/v2\/categories?post=15789"},{"taxonomy":"post_tag","embeddable":true,"href":"https:\/\/jeffersonisac.adv.br\/index.php\/wp-json\/wp\/v2\/tags?post=15789"}],"curies":[{"name":"wp","href":"https:\/\/api.w.org\/{rel}","templated":true}]}}