{"id":15790,"date":"2026-03-23T10:24:25","date_gmt":"2026-03-23T13:24:25","guid":{"rendered":"https:\/\/jeffersonisac.adv.br\/index.php\/2026\/03\/23\/grupo-de-trabalho-da-camara-vota-parecer-sobre-venda-de-suplementos-alimentares\/"},"modified":"2026-03-23T10:24:25","modified_gmt":"2026-03-23T13:24:25","slug":"grupo-de-trabalho-da-camara-vota-parecer-sobre-venda-de-suplementos-alimentares","status":"publish","type":"post","link":"https:\/\/jeffersonisac.adv.br\/index.php\/2026\/03\/23\/grupo-de-trabalho-da-camara-vota-parecer-sobre-venda-de-suplementos-alimentares\/","title":{"rendered":"Grupo de trabalho da C\u00e2mara vota parecer sobre venda de suplementos alimentares"},"content":{"rendered":"<div class=\"image-container\">\n<div class=\"midia-creditos\"><em>GettyImages<\/em><\/div>\n<div class=\"media-wrapper\"><\/div>\n<div class=\"midia-legenda\">Grupo busca definir regras para venda desses suplementos<\/div>\n<\/div>\n<p>O grupo de trabalho da C\u00e2mara dos Deputados sobre comercializa\u00e7\u00e3o de suplementos alimentares re\u00fane-se nesta ter\u00e7a-feira (24) para discutir e votar o relat\u00f3rio do coordenador, deputado Felipe Carreras (PSB-PE).<\/p>\n<p>O debate est\u00e1 marcado para as 14h30, no plen\u00e1rio 10.<\/p>\n<p><a href=\"https:\/\/www.camara.leg.br\/evento-legislativo\/81396\">Veja a pauta<\/a><\/p>\n<p><a href=\"https:\/\/www.camara.leg.br\/noticias\/1203937-motta-cria-grupo-de-trabalho-para-propor-regras-de-comercializacao-de-suplementos-alimentares\/\">O grupo foi criado em setembro do ano passado<\/a> pelo presidente da C\u00e2mara dos Deputados, Hugo Motta (Republicanos-PB). O colegiado busca definir regras e crit\u00e9rios para a comercializa\u00e7\u00e3o de suplementos alimentares que buscam corrigir defici\u00eancias nutricionais.<\/p>","protected":false},"excerpt":{"rendered":"<p>GettyImages Grupo busca definir regras para venda desses suplementos O grupo de trabalho da C\u00e2mara dos Deputados sobre comercializa\u00e7\u00e3o de suplementos alimentares re\u00fane-se nesta ter\u00e7a-feira (24) para discutir e votar o relat\u00f3rio do coordenador, deputado Felipe Carreras (PSB-PE). O debate est\u00e1 marcado para as 14h30, no plen\u00e1rio 10. Veja a pauta O grupo foi criado [&hellip;]<\/p>\n","protected":false},"author":0,"featured_media":0,"comment_status":"open","ping_status":"open","sticky":false,"template":"","format":"standard","meta":{"footnotes":""},"categories":[1],"tags":[],"_links":{"self":[{"href":"https:\/\/jeffersonisac.adv.br\/index.php\/wp-json\/wp\/v2\/posts\/15790"}],"collection":[{"href":"https:\/\/jeffersonisac.adv.br\/index.php\/wp-json\/wp\/v2\/posts"}],"about":[{"href":"https:\/\/jeffersonisac.adv.br\/index.php\/wp-json\/wp\/v2\/types\/post"}],"replies":[{"embeddable":true,"href":"https:\/\/jeffersonisac.adv.br\/index.php\/wp-json\/wp\/v2\/comments?post=15790"}],"version-history":[{"count":0,"href":"https:\/\/jeffersonisac.adv.br\/index.php\/wp-json\/wp\/v2\/posts\/15790\/revisions"}],"wp:attachment":[{"href":"https:\/\/jeffersonisac.adv.br\/index.php\/wp-json\/wp\/v2\/media?parent=15790"}],"wp:term":[{"taxonomy":"category","embeddable":true,"href":"https:\/\/jeffersonisac.adv.br\/index.php\/wp-json\/wp\/v2\/categories?post=15790"},{"taxonomy":"post_tag","embeddable":true,"href":"https:\/\/jeffersonisac.adv.br\/index.php\/wp-json\/wp\/v2\/tags?post=15790"}],"curies":[{"name":"wp","href":"https:\/\/api.w.org\/{rel}","templated":true}]}}