{"id":15792,"date":"2026-03-23T10:24:25","date_gmt":"2026-03-23T13:24:25","guid":{"rendered":"https:\/\/jeffersonisac.adv.br\/index.php\/2026\/03\/23\/cpmi-do-inss-ouve-ex-noiva-de-vorcaro-e-presidente-da-dataprev\/"},"modified":"2026-03-23T10:24:25","modified_gmt":"2026-03-23T13:24:25","slug":"cpmi-do-inss-ouve-ex-noiva-de-vorcaro-e-presidente-da-dataprev","status":"publish","type":"post","link":"https:\/\/jeffersonisac.adv.br\/index.php\/2026\/03\/23\/cpmi-do-inss-ouve-ex-noiva-de-vorcaro-e-presidente-da-dataprev\/","title":{"rendered":"CPMI do INSS ouve ex-noiva de Vorcaro e presidente da Dataprev"},"content":{"rendered":"<div class=\"image-container\">\n<div class=\"midia-creditos\"><em>Andressa Anholete\/Ag\u00eancia Senado<\/em><\/div>\n<div class=\"media-wrapper\"><\/div>\n<div class=\"midia-legenda\">CPMI do INSS durante oitiva<\/div>\n<\/div>\n<p>A influenciadora digital Martha Graeff deve ser ouvida nesta segunda-feira (23), \u00e0s 16 horas, na \u00faltima sess\u00e3o de oitivas da CPMI do INSS. Ex-noiva de Daniel Vorcaro, do Banco Master, ela foi convidada para depor como testemunha e deve ser questionada sobre a identidade de pessoas &#8220;presentes no ambiente privado\u201d do banqueiro e o contexto dessas intera\u00e7\u00f5es.<\/p>\n<p>O presidente da Empresa de Tecnologia e Informa\u00e7\u00f5es da Previd\u00eancia Social (Dataprev), Rodrigo Assump\u00e7\u00e3o, tamb\u00e9m deve prestar depoimento como testemunha na segunda.<\/p>\n<p>O requerimento para a oitiva da ex-noiva de Vorcaro \u00e9 do deputado Kim Kataguiri (Uni\u00e3o-SP), que\u00a0classifica a influenciadora como \u201cpessoa de extrema confian\u00e7a\u201d do ex-controlador do Master. Citando registros da investiga\u00e7\u00e3o sobre o banqueiro, o deputado\u00a0afirma que a influenciadora\u00a0testemunhou ou recebeu informa\u00e7\u00f5es sobre a rede de relacionamentos de Vorcaro, em especial com autoridades do Poder Judici\u00e1rio.<\/p>\n<p>Martha Graeff tamb\u00e9m ser\u00e1 ouvida na CPI do Crime Organizado, na quarta-feira (25). A convoca\u00e7\u00e3o foi aprovada em 18 de mar\u00e7o.<\/p>\n<p><strong>Dataprev<br \/>\n<\/strong>A oitiva do presidente da Dataprev atende a requerimentos do presidente da CPMI, senador Carlos Viana (Podemos-MG), e do senador Marcos Rog\u00e9rio (PL-RO).<\/p>\n<p>Carlos Viana, em seu requerimento, destacou \u201cfalhas de governan\u00e7a e vulnerabilidades\u201d que afetaram o funcionamento do INSS e podem ter favorecido fraudadores. Por sua vez, ao citar o vazamento de credenciais internas, Marcos Rog\u00e9rio pediu esclarecimentos sobre as estrat\u00e9gias de seguran\u00e7a cibern\u00e9tica implementadas pela empresa, que gerencia dados de inscritos no INSS e em pol\u00edticas sociais federais.<\/p>\n<p><strong>Relat\u00f3rio<br \/>\n<\/strong>As participa\u00e7\u00f5es de Graeff e Assump\u00e7\u00e3o na CPMI do INSS concluem a agenda de oitivas do colegiado. Carlos Viana declarou em 19 de mar\u00e7o que, se n\u00e3o houver prorroga\u00e7\u00e3o do funcionamento, o deputado Alfredo Gaspar (Uni\u00e3o-AL) entregar\u00e1 seu relat\u00f3rio da forma como se encontra. O prazo final do colegiado \u00e9 28 de mar\u00e7o.<\/p>\n<p>&#8220;N\u00e3o havendo prorroga\u00e7\u00e3o, o relat\u00f3rio ser\u00e1 lido na quarta-feira [25], deixado aos parlamentares para avalia\u00e7\u00e3o e, na quinta-feira [26], n\u00f3s votaremos o relat\u00f3rio j\u00e1 definitivo&#8221;, afirmou.<\/p>\n<p>A reuni\u00e3o da comiss\u00e3o ser\u00e1 realizada no plen\u00e1rio 2 da ala Nilo Coelho, no Senado Federal.<\/p>\n<p>&#8211; <a href=\"https:\/\/www12.senado.leg.br\/ecidadania\/visualizacaoaudiencia?id=38208\">Veja a pauta completa e envie suas perguntas<\/a><\/p>","protected":false},"excerpt":{"rendered":"<p>Andressa Anholete\/Ag\u00eancia Senado CPMI do INSS durante oitiva A influenciadora digital Martha Graeff deve ser ouvida nesta segunda-feira (23), \u00e0s 16 horas, na \u00faltima sess\u00e3o de oitivas da CPMI do INSS. Ex-noiva de Daniel Vorcaro, do Banco Master, ela foi convidada para depor como testemunha e deve ser questionada sobre a identidade de pessoas &#8220;presentes [&hellip;]<\/p>\n","protected":false},"author":0,"featured_media":0,"comment_status":"open","ping_status":"open","sticky":false,"template":"","format":"standard","meta":{"footnotes":""},"categories":[1],"tags":[],"_links":{"self":[{"href":"https:\/\/jeffersonisac.adv.br\/index.php\/wp-json\/wp\/v2\/posts\/15792"}],"collection":[{"href":"https:\/\/jeffersonisac.adv.br\/index.php\/wp-json\/wp\/v2\/posts"}],"about":[{"href":"https:\/\/jeffersonisac.adv.br\/index.php\/wp-json\/wp\/v2\/types\/post"}],"replies":[{"embeddable":true,"href":"https:\/\/jeffersonisac.adv.br\/index.php\/wp-json\/wp\/v2\/comments?post=15792"}],"version-history":[{"count":0,"href":"https:\/\/jeffersonisac.adv.br\/index.php\/wp-json\/wp\/v2\/posts\/15792\/revisions"}],"wp:attachment":[{"href":"https:\/\/jeffersonisac.adv.br\/index.php\/wp-json\/wp\/v2\/media?parent=15792"}],"wp:term":[{"taxonomy":"category","embeddable":true,"href":"https:\/\/jeffersonisac.adv.br\/index.php\/wp-json\/wp\/v2\/categories?post=15792"},{"taxonomy":"post_tag","embeddable":true,"href":"https:\/\/jeffersonisac.adv.br\/index.php\/wp-json\/wp\/v2\/tags?post=15792"}],"curies":[{"name":"wp","href":"https:\/\/api.w.org\/{rel}","templated":true}]}}