{"id":15799,"date":"2026-03-23T17:24:27","date_gmt":"2026-03-23T20:24:27","guid":{"rendered":"https:\/\/jeffersonisac.adv.br\/index.php\/2026\/03\/23\/cancelado-debate-sobre-a-importancia-das-radios-comunitarias-para-o-comercio-local\/"},"modified":"2026-03-23T17:24:27","modified_gmt":"2026-03-23T20:24:27","slug":"cancelado-debate-sobre-a-importancia-das-radios-comunitarias-para-o-comercio-local","status":"publish","type":"post","link":"https:\/\/jeffersonisac.adv.br\/index.php\/2026\/03\/23\/cancelado-debate-sobre-a-importancia-das-radios-comunitarias-para-o-comercio-local\/","title":{"rendered":"Cancelado debate sobre a import\u00e2ncia das r\u00e1dios comunit\u00e1rias para o com\u00e9rcio local"},"content":{"rendered":"<div class=\"image-container\">\n<div class=\"midia-creditos\"><em>Kayo Magalh\u00e3es\/C\u00e2mara dos Deputados<\/em><\/div>\n<div class=\"media-wrapper\"><\/div>\n<div class=\"midia-legenda\">Jadyel Alencar prop\u00f4s a realiza\u00e7\u00e3o do debate<\/div>\n<\/div>\n<p>Foi cancelado o debate previsto para acontecer na Comiss\u00e3o de Desenvolvimento Econ\u00f4mico da C\u00e2mara dos Deputados, nesta quarta-feira (25), sobre a import\u00e2ncia das r\u00e1dios comunit\u00e1rias para o fortalecimento do com\u00e9rcio local e o desenvolvimento econ\u00f4mico regional. Ainda n\u00e3o h\u00e1 nova data para a audi\u00eancia.<\/p>\n<p>O debate atende a pedido do deputado Jadyel Alencar (Republicanos-PI). Ele afirma que as r\u00e1dios comunit\u00e1rias s\u00e3o instrumentos relevantes de comunica\u00e7\u00e3o popular e participa\u00e7\u00e3o cidad\u00e3, al\u00e9m de exercerem papel fundamental no desenvolvimento econ\u00f4mico de cidades pequenas, periferias urbanas e \u00e1reas rurais.<\/p>\n<p>Jadyel Alencar acrescenta que essas emissoras contribuem para o fortalecimento do com\u00e9rcio local ao permitir que pequenos empreendedores divulguem seus produtos e servi\u00e7os diretamente para o p\u00fablico da regi\u00e3o.<\/p>\n<p>&#8220;A programa\u00e7\u00e3o das r\u00e1dios comunit\u00e1rias estimula o consumo em estabelecimentos locais, como padarias, farm\u00e1cias e mercados, o que contribui para manter a circula\u00e7\u00e3o de renda nas pr\u00f3prias comunidades e fortalecer cadeias produtivas regionais&#8221;, diz.<\/p>","protected":false},"excerpt":{"rendered":"<p>Kayo Magalh\u00e3es\/C\u00e2mara dos Deputados Jadyel Alencar prop\u00f4s a realiza\u00e7\u00e3o do debate Foi cancelado o debate previsto para acontecer na Comiss\u00e3o de Desenvolvimento Econ\u00f4mico da C\u00e2mara dos Deputados, nesta quarta-feira (25), sobre a import\u00e2ncia das r\u00e1dios comunit\u00e1rias para o fortalecimento do com\u00e9rcio local e o desenvolvimento econ\u00f4mico regional. Ainda n\u00e3o h\u00e1 nova data para a audi\u00eancia. [&hellip;]<\/p>\n","protected":false},"author":0,"featured_media":0,"comment_status":"open","ping_status":"open","sticky":false,"template":"","format":"standard","meta":{"footnotes":""},"categories":[1],"tags":[],"_links":{"self":[{"href":"https:\/\/jeffersonisac.adv.br\/index.php\/wp-json\/wp\/v2\/posts\/15799"}],"collection":[{"href":"https:\/\/jeffersonisac.adv.br\/index.php\/wp-json\/wp\/v2\/posts"}],"about":[{"href":"https:\/\/jeffersonisac.adv.br\/index.php\/wp-json\/wp\/v2\/types\/post"}],"replies":[{"embeddable":true,"href":"https:\/\/jeffersonisac.adv.br\/index.php\/wp-json\/wp\/v2\/comments?post=15799"}],"version-history":[{"count":0,"href":"https:\/\/jeffersonisac.adv.br\/index.php\/wp-json\/wp\/v2\/posts\/15799\/revisions"}],"wp:attachment":[{"href":"https:\/\/jeffersonisac.adv.br\/index.php\/wp-json\/wp\/v2\/media?parent=15799"}],"wp:term":[{"taxonomy":"category","embeddable":true,"href":"https:\/\/jeffersonisac.adv.br\/index.php\/wp-json\/wp\/v2\/categories?post=15799"},{"taxonomy":"post_tag","embeddable":true,"href":"https:\/\/jeffersonisac.adv.br\/index.php\/wp-json\/wp\/v2\/tags?post=15799"}],"curies":[{"name":"wp","href":"https:\/\/api.w.org\/{rel}","templated":true}]}}