{"id":15801,"date":"2026-03-23T17:24:27","date_gmt":"2026-03-23T20:24:27","guid":{"rendered":"https:\/\/jeffersonisac.adv.br\/index.php\/2026\/03\/23\/comissao-aprova-bloqueio-de-contas-em-redes-sociais-usadas-reiteradamente-para-cometer-crimes\/"},"modified":"2026-03-23T17:24:27","modified_gmt":"2026-03-23T20:24:27","slug":"comissao-aprova-bloqueio-de-contas-em-redes-sociais-usadas-reiteradamente-para-cometer-crimes","status":"publish","type":"post","link":"https:\/\/jeffersonisac.adv.br\/index.php\/2026\/03\/23\/comissao-aprova-bloqueio-de-contas-em-redes-sociais-usadas-reiteradamente-para-cometer-crimes\/","title":{"rendered":"Comiss\u00e3o aprova bloqueio de contas em redes sociais usadas reiteradamente para cometer crimes"},"content":{"rendered":"<div class=\"relative flex-1 overflow-hidden overflow-y-auto\">\n<div class=\"relative h-full\">\n<div class=\"scrollbar-gutter-stable\">\n<div class=\"flex flex-col pb-9 dark:bg-transparent\">\n<div class=\"text-token-text-primary w-full border-0 bg-transparent dark:border-0 dark:bg-transparent\">\n<div class=\"m-auto justify-center p-4 py-2 md:gap-6 \">\n<div class=\"group mx-auto flex flex-1 gap-3 transition-all duration-300 transform-gpu md:max-w-[47rem] xl:max-w-[55rem] focus:outline-none focus:ring-2 focus:ring-border-xheavy message-render\">\n<div class=\"relative flex w-11\/12 flex-col agent-turn\">\n<div class=\"flex flex-col gap-1\">\n<div class=\"flex max-w-full flex-grow flex-col gap-0\">\n<div class=\"text-message flex min-h-[20px] flex-col items-start gap-3 overflow-visible [.text-message+&amp;]:mt-5\">\n<div class=\"markdown prose message-content dark:prose-invert light w-full break-words dark:text-gray-100\">\n<div class=\"image-container\">\n<div class=\"midia-creditos\"><em>Vinicius Loures \/ C\u00e2mara dos Deputados<\/em><\/div>\n<div class=\"media-wrapper\"><\/div>\n<div class=\"midia-legenda\">Deputado Delegado Paulo Bilynskyj, relator do projeto de lei<\/div>\n<\/div>\n<p class=\"mb-2 whitespace-pre-wrap\">A Comiss\u00e3o de Comunica\u00e7\u00e3o da C\u00e2mara dos Deputados aprovou proposta que permite que a Justi\u00e7a determine a suspens\u00e3o ou o bloqueio de contas, perfis ou canais em redes sociais quando ficar demonstrado que eles s\u00e3o utilizados de forma reiterada para a pr\u00e1tica de il\u00edcitos civis ou penais.<\/p>\n<p>A proposta altera o <a class=\"linkLegislacao\" href=\"https:\/\/www2.camara.gov.br\/legin\/fed\/lei\/2014\/lei-12965-23-abril-2014-778630-norma-pl.html\">Marco Civil da Internet<\/a>. Hoje, a lei trata a remo\u00e7\u00e3o de conte\u00fados espec\u00edficos considerados ilegais e a suspens\u00e3o total de contas ou perfis como medidas excepcionais, muitas vezes alvo de disputas judiciais quanto \u00e0 sua proporcionalidade e \u00e0 falta de previs\u00e3o legal expressa.<\/p>\n<p class=\"mb-2 whitespace-pre-wrap\">O texto aprovado \u00e9 o <span class=\"termoGlossario\">substitutivo<\/span> do relator, deputado Delegado Paulo Bilynskyj (PL-SP), ao Projeto de Lei 4614\/25, do deputado Domingos Neto (PSD-CE).<\/p>\n<p class=\"mb-2 whitespace-pre-wrap\">O projeto original era mais amplo, criando o tipo penal de &#8220;organiza\u00e7\u00e3o criminosa digital&#8221; e alterando a <a class=\"linkLegislacao\" href=\"https:\/\/www2.camara.gov.br\/legin\/fed\/lei\/1998\/lei-9613-3-marco-1998-372359-norma-pl.html\">Lei de Lavagem de Dinheiro<\/a>. No entanto, o relator optou por focar as altera\u00e7\u00f5es apenas nas regras de funcionamento das plataformas , previstas no Marco Civil da Internet.<\/p>\n<p class=\"mb-2 whitespace-pre-wrap\"><strong>Principais mudan\u00e7as<br \/>\n<\/strong>Pelo texto aprovado, o Marco Civil da Internet passa a prever expressamente:<\/p>\n<p>bloqueio de contas: a Justi\u00e7a poder\u00e1 agir inclusive contra golpistas individuais ou perfis que cometem fraudes de menor potencial ofensivo, desde que o uso para o crime seja reiterado.<br \/>\ncolabora\u00e7\u00e3o obrigat\u00f3ria: em investiga\u00e7\u00f5es de crimes como fraudes eletr\u00f4nicas, invas\u00e3o de dispositivos, lavagem de dinheiro, explora\u00e7\u00e3o sexual infantil ou atua\u00e7\u00e3o de organiza\u00e7\u00f5es criminosas, as plataformas ficam obrigadas a colaborar com a pol\u00edcia e o Judici\u00e1rio, fornecendo dados cadastrais e registros de conex\u00e3o mediante ordem judicial.<br \/>\nmulta: o descumprimento injustificado da ordem judicial para entregar dados ou remover conte\u00fado sujeitar\u00e1 a empresa respons\u00e1vel a multa di\u00e1ria.<\/p>\n<p class=\"mb-2 whitespace-pre-wrap\"><strong>Equil\u00edbrio<br \/>\n<\/strong>Segundo o relator, o objetivo foi equilibrar o combate ao crime com a liberdade de express\u00e3o. &#8220;O texto merece aperfei\u00e7oamento para garantir instrumentos eficazes para o enfrentamento de pr\u00e1ticas il\u00edcitas. A limita\u00e7\u00e3o original dificultaria a atua\u00e7\u00e3o do Judici\u00e1rio em situa\u00e7\u00f5es nas quais contas digitais sejam utilizadas reiteradamente para a pr\u00e1tica de fraudes eletr\u00f4nicas&#8221;, explicou Paulo Bilynskyj em seu parecer.<\/p>\n<p class=\"mb-2 whitespace-pre-wrap\">O deputado ressaltou que manteve a l\u00f3gica do Marco Civil, que exige ordem judicial espec\u00edfica para a responsabiliza\u00e7\u00e3o das plataformas.<\/p>\n<p class=\"mb-2 whitespace-pre-wrap\"><strong>Pr\u00f3ximos passos<br \/>\n<\/strong>A proposta ainda ser\u00e1 analisada pelas comiss\u00f5es de Seguran\u00e7a P\u00fablica e Combate ao Crime Organizado; e de Constitui\u00e7\u00e3o e Justi\u00e7a e de Cidadania. O texto est\u00e1 sujeito \u00e0 an\u00e1lise do Plen\u00e1rio. Para virar lei, a proposta precisa ser aprovada pela C\u00e2mara e pelo Senado.<\/p>\n<p><a href=\"https:\/\/www.camara.leg.br\/noticias\/573454-SAIBA-MAIS-SOBRE-A-TRAMITACAO-DE-PROJETOS-DE-LEI\">Saiba mais sobre a tramita\u00e7\u00e3o de projetos de lei<\/a><\/p>\n<\/div>\n<\/div>\n<\/div>\n<\/div>\n<\/div>\n<\/div>\n<\/div>\n<\/div>\n<\/div>\n<\/div>\n<\/div>\n<\/div>","protected":false},"excerpt":{"rendered":"<p>Vinicius Loures \/ C\u00e2mara dos Deputados Deputado Delegado Paulo Bilynskyj, relator do projeto de lei A Comiss\u00e3o de Comunica\u00e7\u00e3o da C\u00e2mara dos Deputados aprovou proposta que permite que a Justi\u00e7a determine a suspens\u00e3o ou o bloqueio de contas, perfis ou canais em redes sociais quando ficar demonstrado que eles s\u00e3o utilizados de forma reiterada para [&hellip;]<\/p>\n","protected":false},"author":0,"featured_media":0,"comment_status":"open","ping_status":"open","sticky":false,"template":"","format":"standard","meta":{"footnotes":""},"categories":[1],"tags":[],"_links":{"self":[{"href":"https:\/\/jeffersonisac.adv.br\/index.php\/wp-json\/wp\/v2\/posts\/15801"}],"collection":[{"href":"https:\/\/jeffersonisac.adv.br\/index.php\/wp-json\/wp\/v2\/posts"}],"about":[{"href":"https:\/\/jeffersonisac.adv.br\/index.php\/wp-json\/wp\/v2\/types\/post"}],"replies":[{"embeddable":true,"href":"https:\/\/jeffersonisac.adv.br\/index.php\/wp-json\/wp\/v2\/comments?post=15801"}],"version-history":[{"count":0,"href":"https:\/\/jeffersonisac.adv.br\/index.php\/wp-json\/wp\/v2\/posts\/15801\/revisions"}],"wp:attachment":[{"href":"https:\/\/jeffersonisac.adv.br\/index.php\/wp-json\/wp\/v2\/media?parent=15801"}],"wp:term":[{"taxonomy":"category","embeddable":true,"href":"https:\/\/jeffersonisac.adv.br\/index.php\/wp-json\/wp\/v2\/categories?post=15801"},{"taxonomy":"post_tag","embeddable":true,"href":"https:\/\/jeffersonisac.adv.br\/index.php\/wp-json\/wp\/v2\/tags?post=15801"}],"curies":[{"name":"wp","href":"https:\/\/api.w.org\/{rel}","templated":true}]}}