{"id":15804,"date":"2026-03-23T18:26:12","date_gmt":"2026-03-23T21:26:12","guid":{"rendered":"https:\/\/jeffersonisac.adv.br\/index.php\/2026\/03\/23\/secretaria-da-mulher-promove-seminario-sobre-democracia-e-questao-racial\/"},"modified":"2026-03-23T18:26:12","modified_gmt":"2026-03-23T21:26:12","slug":"secretaria-da-mulher-promove-seminario-sobre-democracia-e-questao-racial","status":"publish","type":"post","link":"https:\/\/jeffersonisac.adv.br\/index.php\/2026\/03\/23\/secretaria-da-mulher-promove-seminario-sobre-democracia-e-questao-racial\/","title":{"rendered":"Secretaria da Mulher promove semin\u00e1rio sobre democracia e quest\u00e3o racial"},"content":{"rendered":"<div class=\"image-container\">\n<div class=\"midia-creditos\"><em>Ant\u00f4nio Cruz\/Ag\u00eancia Brasil<\/em><\/div>\n<div class=\"media-wrapper\"><\/div>\n<div class=\"midia-legenda\">Um dos pain\u00e9is ser\u00e1 sobre o feminismo negro nas pol\u00edticas p\u00fablicas<\/div>\n<\/div>\n<p>A C\u00e2mara dos Deputados sediar\u00e1 nesta ter\u00e7a-feira (24) a 4\u00aa edi\u00e7\u00e3o do semin\u00e1rio anual promovido pela Secretaria da Mulher da C\u00e2mara, pelo Grupo Mulheres do Brasil\/N\u00facleo Bras\u00edlia e pela associa\u00e7\u00e3o Elas Pedem Vista. Em alus\u00e3o ao Dia Internacional da Mulher, o encontro deste ano assume um contorno pol\u00edtico mais expl\u00edcito ao eleger como tema \u201cElas querem um Brasil mais Inclusivo e Diverso\u201d.<\/p>\n<p>O semin\u00e1rio come\u00e7a \u00e0s 8h30 e acontecer\u00e1 no plen\u00e1rio 1.<\/p>\n<p>Ap\u00f3s tr\u00eas edi\u00e7\u00f5es que trataram da igualdade na pol\u00edtica, da presen\u00e7a feminina nos espa\u00e7os de poder e da for\u00e7a dos coletivos na promo\u00e7\u00e3o de direitos, o semin\u00e1rio de 2026 concentra-se na quest\u00e3o racial como eixo estruturante da democracia brasileira. Em um ano de disputa eleitoral e reorganiza\u00e7\u00e3o de for\u00e7as pol\u00edticas, o debate sobre a inser\u00e7\u00e3o e a perman\u00eancia de mulheres negras na pol\u00edtica ganha centralidade.<\/p>\n<p>A programa\u00e7\u00e3o prev\u00ea mesa de abertura com lideran\u00e7as do Congresso Nacional e representantes da sociedade civil, dois pain\u00e9is dedicados ao feminismo negro nas pol\u00edticas p\u00fablicas e aos desafios enfrentados por mulheres negras em posi\u00e7\u00f5es de comando, al\u00e9m da leitura da carta \u201cPropostas para a Equidade, um apelo ao Congresso Nacional\u201d, documento que reunir\u00e1 recomenda\u00e7\u00f5es constru\u00eddas a partir das discuss\u00f5es do encontro.<\/p>\n<p>As inscri\u00e7\u00f5es est\u00e3o abertas, s\u00e3o gratuitas e podem ser feitas <a href=\"https:\/\/www.sympla.com.br\/evento\/seminario-elas-querem-um-brasil-mais-inclusivo-e-diverso\/3326819?algoliaID=e468b90b82564bdc7d60e1b4320c5dc8\">aqui<\/a>.<\/p>\n<p><strong>Veja a programa\u00e7\u00e3o do evento:<\/strong><\/p>\n<p>8h30 \u00e0s 9h \u2013 Credenciamento<\/p>\n<p>9h \u00e0s 10h \u2013 Mesa de abertura<\/p>\n<p>10h \u00e0s 11h \u2013 Painel 1 \u2013 Feminismo negro nas pol\u00edticas p\u00fablicas, impactos e perspectivas<\/p>\n<p>11h \u00e0s 12h \u2013 Painel 2 \u2013 Mulheres negras no poder, desafios, avan\u00e7os e horizontes<\/p>\n<p>12h \u00e0s 12h15 \u2013 Palestra<\/p>\n<p>12h15 \u00e0s 12h30 \u2013 Encerramento e entrega da carta \u201cPropostas para a Equidade, um apelo ao Congresso Nacional\u201d<\/p>\n<p>12h30 \u2013 Almo\u00e7o por ades\u00e3o<\/p>","protected":false},"excerpt":{"rendered":"<p>Ant\u00f4nio Cruz\/Ag\u00eancia Brasil Um dos pain\u00e9is ser\u00e1 sobre o feminismo negro nas pol\u00edticas p\u00fablicas A C\u00e2mara dos Deputados sediar\u00e1 nesta ter\u00e7a-feira (24) a 4\u00aa edi\u00e7\u00e3o do semin\u00e1rio anual promovido pela Secretaria da Mulher da C\u00e2mara, pelo Grupo Mulheres do Brasil\/N\u00facleo Bras\u00edlia e pela associa\u00e7\u00e3o Elas Pedem Vista. Em alus\u00e3o ao Dia Internacional da Mulher, o [&hellip;]<\/p>\n","protected":false},"author":0,"featured_media":0,"comment_status":"open","ping_status":"open","sticky":false,"template":"","format":"standard","meta":{"footnotes":""},"categories":[1],"tags":[],"_links":{"self":[{"href":"https:\/\/jeffersonisac.adv.br\/index.php\/wp-json\/wp\/v2\/posts\/15804"}],"collection":[{"href":"https:\/\/jeffersonisac.adv.br\/index.php\/wp-json\/wp\/v2\/posts"}],"about":[{"href":"https:\/\/jeffersonisac.adv.br\/index.php\/wp-json\/wp\/v2\/types\/post"}],"replies":[{"embeddable":true,"href":"https:\/\/jeffersonisac.adv.br\/index.php\/wp-json\/wp\/v2\/comments?post=15804"}],"version-history":[{"count":0,"href":"https:\/\/jeffersonisac.adv.br\/index.php\/wp-json\/wp\/v2\/posts\/15804\/revisions"}],"wp:attachment":[{"href":"https:\/\/jeffersonisac.adv.br\/index.php\/wp-json\/wp\/v2\/media?parent=15804"}],"wp:term":[{"taxonomy":"category","embeddable":true,"href":"https:\/\/jeffersonisac.adv.br\/index.php\/wp-json\/wp\/v2\/categories?post=15804"},{"taxonomy":"post_tag","embeddable":true,"href":"https:\/\/jeffersonisac.adv.br\/index.php\/wp-json\/wp\/v2\/tags?post=15804"}],"curies":[{"name":"wp","href":"https:\/\/api.w.org\/{rel}","templated":true}]}}