{"id":15806,"date":"2026-03-23T21:25:29","date_gmt":"2026-03-24T00:25:29","guid":{"rendered":"https:\/\/jeffersonisac.adv.br\/index.php\/2026\/03\/23\/comissao-aprova-uso-de-verba-da-zona-franca-para-projetos-de-bioeconomia-na-amazonia\/"},"modified":"2026-03-23T21:25:29","modified_gmt":"2026-03-24T00:25:29","slug":"comissao-aprova-uso-de-verba-da-zona-franca-para-projetos-de-bioeconomia-na-amazonia","status":"publish","type":"post","link":"https:\/\/jeffersonisac.adv.br\/index.php\/2026\/03\/23\/comissao-aprova-uso-de-verba-da-zona-franca-para-projetos-de-bioeconomia-na-amazonia\/","title":{"rendered":"Comiss\u00e3o aprova uso de verba da Zona Franca para projetos de bioeconomia na Amaz\u00f4nia"},"content":{"rendered":"<div class=\"image-container\">\n<div class=\"midia-creditos\"><em>Bruno Spada\/C\u00e2mara dos Deputados<\/em><\/div>\n<div class=\"media-wrapper\"><\/div>\n<div class=\"midia-legenda\">Lucas Ramos, relator do projeto<\/div>\n<\/div>\n<p class=\"mb-2 whitespace-pre-wrap\">A Comiss\u00e3o de Ci\u00eancia, Tecnologia e Inova\u00e7\u00e3o da C\u00e2mara dos Deputados aprovou proposta que obriga as empresas beneficiadas com incentivos fiscais da Zona Franca de Manaus a destinarem parte de seus investimentos em pesquisa para projetos de bioeconomia na Amaz\u00f4nia Ocidental (Amazonas, Acre, Rond\u00f4nia e Roraima) e no Amap\u00e1.<\/p>\n<p class=\"mb-2 whitespace-pre-wrap\">O texto aprovado \u00e9 o parecer do relator, deputado Lucas Ramos (PSB-PE), favor\u00e1vel ao Projeto de Lei 4845\/25, de autoria do deputado Rodrigo Rollemberg (PSB-DF).<\/p>\n<p class=\"mb-2 whitespace-pre-wrap\">Atualmente, a Lei de Inform\u00e1tica da Zona Franca (<a class=\"linkLegislacao\" href=\"https:\/\/www2.camara.gov.br\/legin\/fed\/lei\/1991\/lei-8387-30-dezembro-1991-365181-norma-pl.html\">Lei 8.387\/91<\/a>) exige que as empresas invistam anualmente pelo menos 5% do seu faturamento bruto em atividades de pesquisa, desenvolvimento e inova\u00e7\u00e3o (PD&amp;I) na regi\u00e3o. Desses 5%, uma fatia de 2,7% pode ser usada livremente em projetos tecnol\u00f3gicos, fundos de investimento ou repasses a organiza\u00e7\u00f5es sociais.<\/p>\n<p class=\"mb-2 whitespace-pre-wrap\">A proposta aprovada foca justamente nesses 2,7%. O texto determina que uma parte desses recursos seja direcionada, de forma progressiva, especificamente para a bioeconomia \u2013 setor que envolve o uso sustent\u00e1vel da biodiversidade, biotecnologia e novos materiais da floresta.<\/p>\n<p class=\"mb-2 whitespace-pre-wrap\"><strong>Cronograma de investimento<br \/>\n<\/strong>A obriga\u00e7\u00e3o de investir em bioeconomia crescer\u00e1 ano a ano, incidindo sobre a parcela de 2,7% dos recursos de PD&amp;I:<\/p>\n<p>1\u00ba ano:\u00a04%<br \/>\n2\u00ba ano:\u00a08%<br \/>\n3\u00ba ano:\u00a012%<br \/>\n4\u00ba ano:\u00a016%<br \/>\n5\u00ba ano em diante:\u00a020%<\/p>\n<p class=\"mb-2 whitespace-pre-wrap\">Segundo o relator Lucas Ramos, a medida n\u00e3o cria novos impostos ou custos extras para as empresas, apenas redireciona um dinheiro que elas j\u00e1 s\u00e3o obrigadas a gastar. &#8220;A bioeconomia constitui \u00e1rea relevante para o desenvolvimento cient\u00edfico e tecnol\u00f3gico da regi\u00e3o amaz\u00f4nica, pois envolve o uso sustent\u00e1vel da biodiversidade e a gera\u00e7\u00e3o de conhecimento&#8221;, afirmou.<\/p>\n<p class=\"mb-2 whitespace-pre-wrap\"><strong>Regras e transpar\u00eancia<br \/>\n<\/strong>Pelo texto, os projetos dever\u00e3o ser executados por organiza\u00e7\u00f5es sociais vinculadas ao Minist\u00e9rio do Desenvolvimento, Ind\u00fastria, Com\u00e9rcio e Servi\u00e7os (Mdic). Para garantir que o dinheiro seja bem usado, as entidades dever\u00e3o manter um portal na internet com a lista de projetos, valores investidos e avalia\u00e7\u00e3o dos resultados e impactos ambientais.<\/p>\n<p class=\"mb-2 whitespace-pre-wrap\"><strong>O que \u00e9 bioeconomia?<br \/>\n<\/strong>O projeto define bioeconomia como um modelo de produ\u00e7\u00e3o baseado no uso sustent\u00e1vel e na conserva\u00e7\u00e3o da biodiversidade, incluindo:<\/p>\n<p>desenvolvimento de novos materiais e princ\u00edpios ativos da floresta;<br \/>\nbiotecnologia e engenharia gen\u00e9tica;<br \/>\nsolu\u00e7\u00f5es para agricultura familiar e cadeias produtivas florestais;<br \/>\nreaproveitamento de res\u00edduos e bioenergia.<\/p>\n<p><strong>Pr\u00f3ximos passos<\/strong><br \/>\nA proposta tramita em <span class=\"termoGlossario\">car\u00e1ter conclusivo<\/span> e ainda ser\u00e1 analisada pelas comiss\u00f5es da Amaz\u00f4nia e dos Povos Origin\u00e1rios e Tradicionais; de Finan\u00e7as e Tributa\u00e7\u00e3o; e de Constitui\u00e7\u00e3o e Justi\u00e7a e de Cidadania.<\/p>\n<p>Para virar lei, o texto precisa ser aprovado pela C\u00e2mara e pelo Senado e ser sancionado pelo presidente da Rep\u00fablica.<\/p>\n<p><a href=\"https:\/\/www.camara.leg.br\/noticias\/573454-SAIBA-MAIS-SOBRE-A-TRAMITACAO-DE-PROJETOS-DE-LEI\">Saiba mais sobre a tramita\u00e7\u00e3o de projetos de lei<\/a><\/p>","protected":false},"excerpt":{"rendered":"<p>Bruno Spada\/C\u00e2mara dos Deputados Lucas Ramos, relator do projeto A Comiss\u00e3o de Ci\u00eancia, Tecnologia e Inova\u00e7\u00e3o da C\u00e2mara dos Deputados aprovou proposta que obriga as empresas beneficiadas com incentivos fiscais da Zona Franca de Manaus a destinarem parte de seus investimentos em pesquisa para projetos de bioeconomia na Amaz\u00f4nia Ocidental (Amazonas, Acre, Rond\u00f4nia e Roraima) [&hellip;]<\/p>\n","protected":false},"author":0,"featured_media":0,"comment_status":"open","ping_status":"open","sticky":false,"template":"","format":"standard","meta":{"footnotes":""},"categories":[1],"tags":[],"_links":{"self":[{"href":"https:\/\/jeffersonisac.adv.br\/index.php\/wp-json\/wp\/v2\/posts\/15806"}],"collection":[{"href":"https:\/\/jeffersonisac.adv.br\/index.php\/wp-json\/wp\/v2\/posts"}],"about":[{"href":"https:\/\/jeffersonisac.adv.br\/index.php\/wp-json\/wp\/v2\/types\/post"}],"replies":[{"embeddable":true,"href":"https:\/\/jeffersonisac.adv.br\/index.php\/wp-json\/wp\/v2\/comments?post=15806"}],"version-history":[{"count":0,"href":"https:\/\/jeffersonisac.adv.br\/index.php\/wp-json\/wp\/v2\/posts\/15806\/revisions"}],"wp:attachment":[{"href":"https:\/\/jeffersonisac.adv.br\/index.php\/wp-json\/wp\/v2\/media?parent=15806"}],"wp:term":[{"taxonomy":"category","embeddable":true,"href":"https:\/\/jeffersonisac.adv.br\/index.php\/wp-json\/wp\/v2\/categories?post=15806"},{"taxonomy":"post_tag","embeddable":true,"href":"https:\/\/jeffersonisac.adv.br\/index.php\/wp-json\/wp\/v2\/tags?post=15806"}],"curies":[{"name":"wp","href":"https:\/\/api.w.org\/{rel}","templated":true}]}}