{"id":15808,"date":"2026-03-24T08:28:28","date_gmt":"2026-03-24T11:28:28","guid":{"rendered":"https:\/\/jeffersonisac.adv.br\/index.php\/2026\/03\/24\/audiencia-publica-na-camara-discute-desdobramentos-da-cop30\/"},"modified":"2026-03-24T08:28:28","modified_gmt":"2026-03-24T11:28:28","slug":"audiencia-publica-na-camara-discute-desdobramentos-da-cop30","status":"publish","type":"post","link":"https:\/\/jeffersonisac.adv.br\/index.php\/2026\/03\/24\/audiencia-publica-na-camara-discute-desdobramentos-da-cop30\/","title":{"rendered":"Audi\u00eancia p\u00fablica na C\u00e2mara discute desdobramentos da COP30"},"content":{"rendered":"<div class=\"image-container\">\n<div class=\"midia-creditos\"><em>Kayo Magalh\u00e3es \/ C\u00e2mara dos Deputados<\/em><\/div>\n<div class=\"media-wrapper\"><\/div>\n<div class=\"midia-legenda\">Juliana Cardoso prop\u00f4s a realiza\u00e7\u00e3o do debate<\/div>\n<\/div>\n<p>A Comiss\u00e3o da Amaz\u00f4nia e dos Povos Origin\u00e1rios e Tradicionais da C\u00e2mara dos Deputados realiza nesta ter\u00e7a-feira (24) audi\u00eancia p\u00fablica para discutir os encaminhamentos da 30\u00aa Confer\u00eancia das Na\u00e7\u00f5es Unidas sobre Mudan\u00e7a do Clima (COP30) e as decis\u00f5es firmadas no chamado \u201cPacote de Bel\u00e9m\u201d.<\/p>\n<p>A reuni\u00e3o ser\u00e1 realizada no plen\u00e1rio 12, \u00e0s 14 horas.<\/p>\n<p><a href=\"https:\/\/www.camara.leg.br\/evento-legislativo\/81337\">Veja quem foi convidado<\/a><\/p>\n<p>O debate atende a pedido da deputada Juliana Cardoso (PT-SP). Ela afirma que o\u00a0 objetivo \u00e9 acompanhar os desdobramentos COP30, realizada em 2025 na capital paraense, e a execu\u00e7\u00e3o dos compromissos assumidos pelo Brasil no \u00e2mbito internacional.<\/p>\n<p><a href=\"https:\/\/infograficos.camara.leg.br\/cop-30\/\">Confira p\u00e1gina especial da C\u00e2mara sobre a participa\u00e7\u00e3o de deputados na COP30<\/a><\/p>\n<p>Juliana Cardoso destaca que o \u201cPacote de Bel\u00e9m\u201d re\u00fane 29 decis\u00f5es que renovam compromissos em \u00e1reas como transi\u00e7\u00e3o justa, financiamento clim\u00e1tico, adapta\u00e7\u00e3o, g\u00eanero e desenvolvimento tecnol\u00f3gico, representando um esfor\u00e7o para avan\u00e7ar da fase de negocia\u00e7\u00e3o para a implementa\u00e7\u00e3o de pol\u00edticas clim\u00e1ticas.<\/p>\n<p>Diante desse cen\u00e1rio, a parlamentar defende a import\u00e2ncia de o Congresso Nacional acompanhar a implementa\u00e7\u00e3o das medidas e o papel estrat\u00e9gico do Brasil na agenda clim\u00e1tica internacional.<\/p>","protected":false},"excerpt":{"rendered":"<p>Kayo Magalh\u00e3es \/ C\u00e2mara dos Deputados Juliana Cardoso prop\u00f4s a realiza\u00e7\u00e3o do debate A Comiss\u00e3o da Amaz\u00f4nia e dos Povos Origin\u00e1rios e Tradicionais da C\u00e2mara dos Deputados realiza nesta ter\u00e7a-feira (24) audi\u00eancia p\u00fablica para discutir os encaminhamentos da 30\u00aa Confer\u00eancia das Na\u00e7\u00f5es Unidas sobre Mudan\u00e7a do Clima (COP30) e as decis\u00f5es firmadas no chamado \u201cPacote [&hellip;]<\/p>\n","protected":false},"author":0,"featured_media":0,"comment_status":"open","ping_status":"open","sticky":false,"template":"","format":"standard","meta":{"footnotes":""},"categories":[1],"tags":[],"_links":{"self":[{"href":"https:\/\/jeffersonisac.adv.br\/index.php\/wp-json\/wp\/v2\/posts\/15808"}],"collection":[{"href":"https:\/\/jeffersonisac.adv.br\/index.php\/wp-json\/wp\/v2\/posts"}],"about":[{"href":"https:\/\/jeffersonisac.adv.br\/index.php\/wp-json\/wp\/v2\/types\/post"}],"replies":[{"embeddable":true,"href":"https:\/\/jeffersonisac.adv.br\/index.php\/wp-json\/wp\/v2\/comments?post=15808"}],"version-history":[{"count":0,"href":"https:\/\/jeffersonisac.adv.br\/index.php\/wp-json\/wp\/v2\/posts\/15808\/revisions"}],"wp:attachment":[{"href":"https:\/\/jeffersonisac.adv.br\/index.php\/wp-json\/wp\/v2\/media?parent=15808"}],"wp:term":[{"taxonomy":"category","embeddable":true,"href":"https:\/\/jeffersonisac.adv.br\/index.php\/wp-json\/wp\/v2\/categories?post=15808"},{"taxonomy":"post_tag","embeddable":true,"href":"https:\/\/jeffersonisac.adv.br\/index.php\/wp-json\/wp\/v2\/tags?post=15808"}],"curies":[{"name":"wp","href":"https:\/\/api.w.org\/{rel}","templated":true}]}}