{"id":15809,"date":"2026-03-24T09:39:34","date_gmt":"2026-03-24T12:39:34","guid":{"rendered":"https:\/\/jeffersonisac.adv.br\/index.php\/2026\/03\/24\/relator-apresenta-parecer-sobre-novas-regras-do-seguro-defeso-nesta-terca-2\/"},"modified":"2026-03-24T09:39:34","modified_gmt":"2026-03-24T12:39:34","slug":"relator-apresenta-parecer-sobre-novas-regras-do-seguro-defeso-nesta-terca-2","status":"publish","type":"post","link":"https:\/\/jeffersonisac.adv.br\/index.php\/2026\/03\/24\/relator-apresenta-parecer-sobre-novas-regras-do-seguro-defeso-nesta-terca-2\/","title":{"rendered":"Relator apresenta parecer sobre novas regras do seguro-defeso nesta ter\u00e7a"},"content":{"rendered":"<div class=\"image-container\">\n<div class=\"midia-creditos\"><em>Gustavo Vara\/Prefeitura de Pelotas-RS<\/em><\/div>\n<div class=\"media-wrapper\"><\/div>\n<div class=\"midia-legenda\">Seguro-defeso tem o valor de um sal\u00e1rio-m\u00ednimo<\/div>\n<\/div>\n<p>A comiss\u00e3o mista que analisa a Medida Provis\u00f3ria do Seguro-Defeso (<a class=\"linkProposicao\" href=\"https:\/\/www.camara.leg.br\/noticias\/1219454-mp-1323-25-mp-vincula-pagamento-de-seguro-defeso-a-dados-biometricos-de-pescadores\">MP 1323\/25<\/a>) re\u00fane-se nesta ter\u00e7a-feira (24) para votar o relat\u00f3rio do senador Beto Faro (PT-PA) sobre as altera\u00e7\u00f5es nas regras do aux\u00edlio pago a pescadores artesanais.\u00a0A reuni\u00e3o estava agendada para a semana passada, mas o relator pediu mais tempo para concluir o relat\u00f3rio.<\/p>\n<p>A reuni\u00e3o ser\u00e1 \u00e0s 14h30, no plen\u00e1rio 2 da Ala Nilo Coelho, no Senado.<\/p>\n<p><a href=\"https:\/\/legis.senado.leg.br\/atividade\/comissoes\/comissao\/2823\/reuniao\/14521\">Veja a pauta<\/a><\/p>\n<p>O seguro-defeso \u00e9 um aux\u00edlio pago pelo governo federal aos pescadores artesanais que n\u00e3o podem trabalhar nos per\u00edodos em que sua atividade \u00e9 proibida (para permitir a reprodu\u00e7\u00e3o das diferentes esp\u00e9cies de peixes).\u00a0O valor pago corresponde a um sal\u00e1rio m\u00ednimo mensal durante o per\u00edodo de proibi\u00e7\u00e3o.<\/p>\n<p><strong>Novas exig\u00eancias<br \/>\n<\/strong>Em vigor desde novembro de 2025, a medida provis\u00f3ria transferiu do INSS para o Minist\u00e9rio do Trabalho a responsabilidade de processar os pedidos do seguro-defeso.<\/p>\n<p>Al\u00e9m disso, a MP aumentou as exig\u00eancias do procedimento. Os pescadores benefici\u00e1rios precisam:<\/p>\n<p>estar inscritos no Cadastro \u00danico para Programas Sociais do Governo Federal (Cad\u00danico);<br \/>\napresentar dados biom\u00e9tricos (de modo a evitar fraudes); e<br \/>\natender a novos requisitos para concess\u00e3o e manuten\u00e7\u00e3o do benef\u00edcio.<\/p>\n<p>Durante as audi\u00eancias p\u00fablicas promovidas pela comiss\u00e3o mista, houve parlamentares e trabalhadores que criticaram as novas regras \u2014 relatando, por exemplo, dificuldades de acesso ao seguro-defeso.<\/p>\n<p>Por outro lado, representantes do governo destacaram que o objetivo da medida provis\u00f3ria \u00e9 combater fraudes.<\/p>\n<p>A comiss\u00e3o de deputados federais e senadores que analisa a MP foi instalada em 3 de fevereiro. O presidente do colegiado \u00e9 o deputado Josenildo (PDT-AP) e o relator-revisor \u00e9 o deputado Sidney Leite (PSD-AM).<\/p>\n<p>\u00a0<\/p>\n<p>\u00a0<\/p>\n<div><\/div>\n<p>\u00a0<\/p>\n<p>\u00a0<\/p>\n<p>\u00a0<\/p>","protected":false},"excerpt":{"rendered":"<p>Gustavo Vara\/Prefeitura de Pelotas-RS Seguro-defeso tem o valor de um sal\u00e1rio-m\u00ednimo A comiss\u00e3o mista que analisa a Medida Provis\u00f3ria do Seguro-Defeso (MP 1323\/25) re\u00fane-se nesta ter\u00e7a-feira (24) para votar o relat\u00f3rio do senador Beto Faro (PT-PA) sobre as altera\u00e7\u00f5es nas regras do aux\u00edlio pago a pescadores artesanais.\u00a0A reuni\u00e3o estava agendada para a semana passada, mas [&hellip;]<\/p>\n","protected":false},"author":0,"featured_media":0,"comment_status":"open","ping_status":"open","sticky":false,"template":"","format":"standard","meta":{"footnotes":""},"categories":[1],"tags":[],"_links":{"self":[{"href":"https:\/\/jeffersonisac.adv.br\/index.php\/wp-json\/wp\/v2\/posts\/15809"}],"collection":[{"href":"https:\/\/jeffersonisac.adv.br\/index.php\/wp-json\/wp\/v2\/posts"}],"about":[{"href":"https:\/\/jeffersonisac.adv.br\/index.php\/wp-json\/wp\/v2\/types\/post"}],"replies":[{"embeddable":true,"href":"https:\/\/jeffersonisac.adv.br\/index.php\/wp-json\/wp\/v2\/comments?post=15809"}],"version-history":[{"count":0,"href":"https:\/\/jeffersonisac.adv.br\/index.php\/wp-json\/wp\/v2\/posts\/15809\/revisions"}],"wp:attachment":[{"href":"https:\/\/jeffersonisac.adv.br\/index.php\/wp-json\/wp\/v2\/media?parent=15809"}],"wp:term":[{"taxonomy":"category","embeddable":true,"href":"https:\/\/jeffersonisac.adv.br\/index.php\/wp-json\/wp\/v2\/categories?post=15809"},{"taxonomy":"post_tag","embeddable":true,"href":"https:\/\/jeffersonisac.adv.br\/index.php\/wp-json\/wp\/v2\/tags?post=15809"}],"curies":[{"name":"wp","href":"https:\/\/api.w.org\/{rel}","templated":true}]}}