{"id":15810,"date":"2026-03-24T09:39:34","date_gmt":"2026-03-24T12:39:34","guid":{"rendered":"https:\/\/jeffersonisac.adv.br\/index.php\/2026\/03\/24\/projeto-limita-embargo-ambiental-com-base-so-em-deteccao-remota\/"},"modified":"2026-03-24T09:39:34","modified_gmt":"2026-03-24T12:39:34","slug":"projeto-limita-embargo-ambiental-com-base-so-em-deteccao-remota","status":"publish","type":"post","link":"https:\/\/jeffersonisac.adv.br\/index.php\/2026\/03\/24\/projeto-limita-embargo-ambiental-com-base-so-em-deteccao-remota\/","title":{"rendered":"Projeto limita embargo ambiental com base s\u00f3 em detec\u00e7\u00e3o remota"},"content":{"rendered":"<div class=\"image-container\">\n<div class=\"midia-creditos\"><em>Kayo Magalh\u00e3es \/ C\u00e2mara dos Deputados<\/em><\/div>\n<div class=\"media-wrapper\"><\/div>\n<div class=\"midia-legenda\">\u00a0Lucio Mosquini \u00e9 o autor da proposta<\/div>\n<\/div>\n<p>O projeto de lei 2564\/25 do deputado Lucio Mosquini (MDB-RO) altera a <a class=\"linkLegislacao\" href=\"https:\/\/www2.camara.gov.br\/legin\/fed\/lei\/1998\/lei-9605-12-fevereiro-1998-365397-norma-pl.html\">Lei dos Crimes Ambientais<\/a>\u00a0para regular a aplica\u00e7\u00e3o de medidas administrativas cautelares na fiscaliza\u00e7\u00e3o ambiental. O texto pro\u00edbe o embargo baseado apenas na detec\u00e7\u00e3o remota de supress\u00e3o de vegeta\u00e7\u00e3o e prev\u00ea a notifica\u00e7\u00e3o pr\u00e9via ao autuado para apresentar esclarecimentos. A proposta est\u00e1 em an\u00e1lise na C\u00e2mara dos Deputados.<\/p>\n<p>O objetivo da medida \u00e9 evitar o agravamento do dano, interromper sua ocorr\u00eancia e resguardar a recupera\u00e7\u00e3o da \u00e1rea.<\/p>\n<p>Pelo texto, o agente de fiscaliza\u00e7\u00e3o poder\u00e1 adotar medidas cautelares quando houver dano ambiental, mas tais medidas\u00a0n\u00e3o poder\u00e3o antecipar as san\u00e7\u00f5es administrativas. Se isso ocorrer, o processo poder\u00e1 ser anulado.<\/p>\n<p>Segundo Lucio Mosquini, a proposta busca diferenciar melhor a medida cautelar da san\u00e7\u00e3o administrativa. Ele afirma que a medida cautelar tem car\u00e1ter de prote\u00e7\u00e3o imediata, enquanto a san\u00e7\u00e3o tem car\u00e1ter punitivo.<\/p>\n<p>O deputado argumenta ainda que\u00a0 \u00e1reas t\u00eam sido embargadas com base em apura\u00e7\u00e3o remota, sem oportunidade de defesa pr\u00e9via. \u201cQualquer medida que possa impor preju\u00edzo ao autuado deve ser precedida de ampla defesa e contradit\u00f3rio\u201d, diz o autor.<\/p>\n<p><strong>Pr\u00f3ximos passos<\/strong><br \/>\nO projeto tramita em <span class=\"termoGlossario\">regime de urg\u00eancia<\/span> e pode ser votado diretamente pelo Plen\u00e1rio.<\/p>\n<p><a href=\"https:\/\/www.camara.leg.br\/noticias\/573454-SAIBA-MAIS-SOBRE-A-TRAMITACAO-DE-PROJETOS-DE-LEI\">Saiba mais sobre a tramita\u00e7\u00e3o de projetos de lei<\/a><\/p>","protected":false},"excerpt":{"rendered":"<p>Kayo Magalh\u00e3es \/ C\u00e2mara dos Deputados \u00a0Lucio Mosquini \u00e9 o autor da proposta O projeto de lei 2564\/25 do deputado Lucio Mosquini (MDB-RO) altera a Lei dos Crimes Ambientais\u00a0para regular a aplica\u00e7\u00e3o de medidas administrativas cautelares na fiscaliza\u00e7\u00e3o ambiental. O texto pro\u00edbe o embargo baseado apenas na detec\u00e7\u00e3o remota de supress\u00e3o de vegeta\u00e7\u00e3o e prev\u00ea [&hellip;]<\/p>\n","protected":false},"author":0,"featured_media":0,"comment_status":"open","ping_status":"open","sticky":false,"template":"","format":"standard","meta":{"footnotes":""},"categories":[1],"tags":[],"_links":{"self":[{"href":"https:\/\/jeffersonisac.adv.br\/index.php\/wp-json\/wp\/v2\/posts\/15810"}],"collection":[{"href":"https:\/\/jeffersonisac.adv.br\/index.php\/wp-json\/wp\/v2\/posts"}],"about":[{"href":"https:\/\/jeffersonisac.adv.br\/index.php\/wp-json\/wp\/v2\/types\/post"}],"replies":[{"embeddable":true,"href":"https:\/\/jeffersonisac.adv.br\/index.php\/wp-json\/wp\/v2\/comments?post=15810"}],"version-history":[{"count":0,"href":"https:\/\/jeffersonisac.adv.br\/index.php\/wp-json\/wp\/v2\/posts\/15810\/revisions"}],"wp:attachment":[{"href":"https:\/\/jeffersonisac.adv.br\/index.php\/wp-json\/wp\/v2\/media?parent=15810"}],"wp:term":[{"taxonomy":"category","embeddable":true,"href":"https:\/\/jeffersonisac.adv.br\/index.php\/wp-json\/wp\/v2\/categories?post=15810"},{"taxonomy":"post_tag","embeddable":true,"href":"https:\/\/jeffersonisac.adv.br\/index.php\/wp-json\/wp\/v2\/tags?post=15810"}],"curies":[{"name":"wp","href":"https:\/\/api.w.org\/{rel}","templated":true}]}}