{"id":15812,"date":"2026-03-24T11:28:25","date_gmt":"2026-03-24T14:28:25","guid":{"rendered":"https:\/\/jeffersonisac.adv.br\/index.php\/2026\/03\/24\/comissao-aprova-isencao-de-impostos-para-catadores-de-vidros-e-plasticos\/"},"modified":"2026-03-24T11:28:25","modified_gmt":"2026-03-24T14:28:25","slug":"comissao-aprova-isencao-de-impostos-para-catadores-de-vidros-e-plasticos","status":"publish","type":"post","link":"https:\/\/jeffersonisac.adv.br\/index.php\/2026\/03\/24\/comissao-aprova-isencao-de-impostos-para-catadores-de-vidros-e-plasticos\/","title":{"rendered":"Comiss\u00e3o aprova isen\u00e7\u00e3o de impostos para catadores de vidros e pl\u00e1sticos"},"content":{"rendered":"<div class=\"image-container\">\n<div class=\"midia-creditos\"><em>Bruno Spada\/C\u00e2mara dos Deputados<\/em><\/div>\n<div class=\"media-wrapper\"><\/div>\n<div class=\"midia-legenda\">Delegado Matheus Laiola: proposta melhora condi\u00e7\u00f5es de vida dos catadores<\/div>\n<\/div>\n<p>A Comiss\u00e3o de Meio Ambiente e Desenvolvimento Sustent\u00e1vel da C\u00e2mara dos Deputados aprovou projeto de lei que institui benef\u00edcios fiscais para catadores de materiais recicl\u00e1veis que atuam com vidros e pl\u00e1sticos.<\/p>\n<p>Pela proposta, catadores individuais ou organizados em grupos informais ficar\u00e3o isentos de impostos sobre a comercializa\u00e7\u00e3o dos res\u00edduos, incluindo o Imposto sobre Circula\u00e7\u00e3o de Mercadorias e Presta\u00e7\u00e3o de Servi\u00e7os (<span class=\"termoGlossario\">ICMS<\/span>).<\/p>\n<p>Os parlamentares acolheram o <a href=\"https:\/\/www.camara.leg.br\/proposicoesWeb\/prop_mostrarintegra?codteor=3099096&amp;filename=Parecer-CMADS-2026-03-17\">parecer do relator<\/a>, deputado Delegado Matheus Laiola (Uni\u00e3o-PR), pela aprova\u00e7\u00e3o do <a class=\"linkProposicao\" href=\"https:\/\/www.camara.leg.br\/noticias\/1256766-projeto-preve-isencao-de-impostos-para-catadores-de-vidros-e-plasticos\">Projeto de Lei 1227\/25<\/a>, do deputado Adilson Barroso (PL-SP), com ajustes de reda\u00e7\u00e3o.<\/p>\n<p>\u201cA proposta poder\u00e1 promover melhores condi\u00e7\u00f5es de vida para os catadores, que desempenham papel fundamental na reciclagem e na redu\u00e7\u00e3o de res\u00edduos\u201d, afirmou o relator.<\/p>\n<p><strong>Outros pontos<\/strong><br \/>\nO projeto tamb\u00e9m cria o Programa de Apoio e Capacita\u00e7\u00e3o para Catadores. A finalidade \u00e9 oferecer qualifica\u00e7\u00e3o t\u00e9cnica e empresarial para aprimorar as etapas de coleta, separa\u00e7\u00e3o e venda dos materiais recicl\u00e1veis.<\/p>\n<p>O texto prev\u00ea ainda a cria\u00e7\u00e3o de um fundo de apoio financeiro para a categoria. Os recursos ser\u00e3o destinados \u00e0 compra de ve\u00edculos de transporte e de equipamentos de prote\u00e7\u00e3o individual, al\u00e9m de melhorias estruturais no trabalho.<\/p>\n<p><strong>Pr\u00f3ximos passos<\/strong><br \/>\nO projeto ainda ser\u00e1 analisado, em <span class=\"termoGlossario\">car\u00e1ter conclusivo<\/span>, pelas comiss\u00f5es de Finan\u00e7as e Tributa\u00e7\u00e3o; e de Constitui\u00e7\u00e3o e Justi\u00e7a e de Cidadania. Para virar lei, precisa ser aprovado pela C\u00e2mara e pelo Senado.<\/p>\n<p><a href=\"https:\/\/www.camara.leg.br\/noticias\/573454-SAIBA-MAIS-SOBRE-A-TRAMITACAO-DE-PROJETOS-DE-LEI\">Saiba mais sobre a tramita\u00e7\u00e3o de projetos de lei<\/a><\/p>\n<p>\u00a0<\/p>\n<div><\/div>\n<p>\u00a0<\/p>","protected":false},"excerpt":{"rendered":"<p>Bruno Spada\/C\u00e2mara dos Deputados Delegado Matheus Laiola: proposta melhora condi\u00e7\u00f5es de vida dos catadores A Comiss\u00e3o de Meio Ambiente e Desenvolvimento Sustent\u00e1vel da C\u00e2mara dos Deputados aprovou projeto de lei que institui benef\u00edcios fiscais para catadores de materiais recicl\u00e1veis que atuam com vidros e pl\u00e1sticos. Pela proposta, catadores individuais ou organizados em grupos informais ficar\u00e3o [&hellip;]<\/p>\n","protected":false},"author":0,"featured_media":0,"comment_status":"open","ping_status":"open","sticky":false,"template":"","format":"standard","meta":{"footnotes":""},"categories":[1],"tags":[],"_links":{"self":[{"href":"https:\/\/jeffersonisac.adv.br\/index.php\/wp-json\/wp\/v2\/posts\/15812"}],"collection":[{"href":"https:\/\/jeffersonisac.adv.br\/index.php\/wp-json\/wp\/v2\/posts"}],"about":[{"href":"https:\/\/jeffersonisac.adv.br\/index.php\/wp-json\/wp\/v2\/types\/post"}],"replies":[{"embeddable":true,"href":"https:\/\/jeffersonisac.adv.br\/index.php\/wp-json\/wp\/v2\/comments?post=15812"}],"version-history":[{"count":0,"href":"https:\/\/jeffersonisac.adv.br\/index.php\/wp-json\/wp\/v2\/posts\/15812\/revisions"}],"wp:attachment":[{"href":"https:\/\/jeffersonisac.adv.br\/index.php\/wp-json\/wp\/v2\/media?parent=15812"}],"wp:term":[{"taxonomy":"category","embeddable":true,"href":"https:\/\/jeffersonisac.adv.br\/index.php\/wp-json\/wp\/v2\/categories?post=15812"},{"taxonomy":"post_tag","embeddable":true,"href":"https:\/\/jeffersonisac.adv.br\/index.php\/wp-json\/wp\/v2\/tags?post=15812"}],"curies":[{"name":"wp","href":"https:\/\/api.w.org\/{rel}","templated":true}]}}