{"id":15814,"date":"2026-03-24T11:28:25","date_gmt":"2026-03-24T14:28:25","guid":{"rendered":"https:\/\/jeffersonisac.adv.br\/index.php\/2026\/03\/24\/comissao-aprova-projeto-que-estabelece-preferencia-a-produto-e-servico-nacional-em-licitacao\/"},"modified":"2026-03-24T11:28:25","modified_gmt":"2026-03-24T14:28:25","slug":"comissao-aprova-projeto-que-estabelece-preferencia-a-produto-e-servico-nacional-em-licitacao","status":"publish","type":"post","link":"https:\/\/jeffersonisac.adv.br\/index.php\/2026\/03\/24\/comissao-aprova-projeto-que-estabelece-preferencia-a-produto-e-servico-nacional-em-licitacao\/","title":{"rendered":"Comiss\u00e3o aprova projeto que estabelece prefer\u00eancia a produto e servi\u00e7o nacional em licita\u00e7\u00e3o"},"content":{"rendered":"<div class=\"image-container\">\n<div class=\"midia-creditos\"><em>Kayo Magalh\u00e3es \/ C\u00e2mara dos Deputados<\/em><\/div>\n<div class=\"media-wrapper\"><\/div>\n<div class=\"midia-legenda\">Any Ortiz recomendou a aprova\u00e7\u00e3o da proposta, com mudan\u00e7as<\/div>\n<\/div>\n<p>A Comiss\u00e3o de Desenvolvimento Econ\u00f4mico da C\u00e2mara dos Deputados aprovou o Projeto de Lei 3557\/25, do deputado Vitor Lippi (PSD-SP), para permitir que empresas p\u00fablicas e sociedades de economia mista concedam prefer\u00eancia a produtos e servi\u00e7os nacionais em suas <span class=\"termoGlossario\">licita\u00e7\u00f5es<\/span>.<\/p>\n<p>O texto altera a <a class=\"linkLegislacao\" href=\"https:\/\/www2.camara.gov.br\/legin\/fed\/lei\/2016\/lei-13303-30-junho-2016-783296-norma-pl.html\">Lei de Licita\u00e7\u00f5es e Contratos<\/a>.<\/p>\n<p>Com a mudan\u00e7a, essas empresas poder\u00e3o estabelecer margem de prefer\u00eancia para bens manufaturados e servi\u00e7os nacionais que atendam a normas t\u00e9cnicas brasileiras, al\u00e9m de produtos reciclados, recicl\u00e1veis ou biodegrad\u00e1veis.<\/p>\n<p><strong>Percentuais de prefer\u00eancia<\/strong><br \/>\nA margem de prefer\u00eancia poder\u00e1 ser de at\u00e9 20% sobre o pre\u00e7o dos produtos e servi\u00e7os estrangeiros. Para bens e servi\u00e7os nacionais resultantes de desenvolvimento e inova\u00e7\u00e3o tecnol\u00f3gica no Brasil, o percentual poder\u00e1 chegar a 30%.<\/p>\n<p>A margem n\u00e3o ser\u00e1 aplicada quando a capacidade de produ\u00e7\u00e3o nacional for inferior \u00e0 quantidade a ser adquirida ou contratada, ao total de cada lote solicitado.<\/p>\n<p>A prefer\u00eancia poder\u00e1 ser estendida a produtos origin\u00e1rios de pa\u00edses do <span class=\"termoGlossario\">Mercosul<\/span>, desde que haja reciprocidade prevista em acordo internacional aprovado e ratificado.<\/p>\n<p><strong>Licita\u00e7\u00e3o exclusiva<\/strong><br \/>\nO texto tamb\u00e9m permite que empresas p\u00fablicas e sociedades de economia mista realizem licita\u00e7\u00f5es exclusivas para compra de bens ou contrata\u00e7\u00e3o de servi\u00e7os nacionais em atividades consideradas estrat\u00e9gicas pelo Executivo federal.<\/p>\n<p>Ser\u00e3o considerados bens e servi\u00e7os nacionais aqueles produzidos no territ\u00f3rio nacional por empresas com sede e administra\u00e7\u00e3o no pa\u00eds e credenciadas pelo Banco Nacional de Desenvolvimento Econ\u00f4mico e Social (BNDES) no cadastro do Fundo de Financiamento para Aquisi\u00e7\u00e3o de M\u00e1quinas e Equipamentos Industriais (Finame).<\/p>\n<p><strong>Protecionismo<\/strong><br \/>\nPara Lippi, o protecionismo deve prevalecer como &#8220;o novo normal&#8221; nas rela\u00e7\u00f5es de com\u00e9rcio mundial. Ele afirmou que a proposta fechar\u00e1 uma brecha que permite a algumas empresas p\u00fablicas importar m\u00e1quinas, implementos, tratores e ve\u00edculos de origem asi\u00e1tica em detrimento da ind\u00fastria brasileira.<\/p>\n<p>A relatora, deputada Any Ortiz (Cidadania-RS), afirma que a margem de prefer\u00eancia ajuda a reduzir o problema de manuten\u00e7\u00e3o ou substitui\u00e7\u00e3o de componentes em m\u00e1quinas, equipamentos e sistemas ao incentivar a contrata\u00e7\u00e3o de fornecedores que possuam estrutura produtiva e capacidade de suporte t\u00e9cnico instalada no Brasil.<\/p>\n<p>&#8220;Tal circunst\u00e2ncia favorece a continuidade operacional dos equipamentos adquiridos, assegura maior rapidez na manuten\u00e7\u00e3o e reduz riscos associados \u00e0 paralisa\u00e7\u00e3o de atividades essenciais&#8221;, disse. Ortiz tamb\u00e9m afirmou que a medida fortalece a cadeia produtiva nacional, estimula a gera\u00e7\u00e3o de empregos qualificados e promove o desenvolvimento tecnol\u00f3gico nacional.<\/p>\n<p>A relatora incluiu na proposta a possibilidade de a empresa p\u00fablica ou sociedade de economia mista indicar marca ou modelo que atenda \u00e0s exig\u00eancias de disponibiliza\u00e7\u00e3o de pe\u00e7as de reposi\u00e7\u00e3o e de manuten\u00e7\u00e3o e assist\u00eancia t\u00e9cnica na licita\u00e7\u00e3o para compra de bens.<\/p>\n<p><strong>Pr\u00f3ximos passos<\/strong><br \/>\nO projeto ainda ser\u00e1 analisado em car\u00e1ter conclusivo pelas comiss\u00f5es de Finan\u00e7as e Tributa\u00e7\u00e3o; e de Constitui\u00e7\u00e3o e Justi\u00e7a e de Cidadania.<\/p>\n<p>Para virar lei, ele precisa ser aprovado por C\u00e2mara e Senado.<\/p>\n<p><a href=\"https:\/\/www.camara.leg.br\/noticias\/573454-SAIBA-MAIS-SOBRE-A-TRAMITACAO-DE-PROJETOS-DE-LEI\">Saiba mais sobre a tramita\u00e7\u00e3o de projetos de lei<\/a><\/p>","protected":false},"excerpt":{"rendered":"<p>Kayo Magalh\u00e3es \/ C\u00e2mara dos Deputados Any Ortiz recomendou a aprova\u00e7\u00e3o da proposta, com mudan\u00e7as A Comiss\u00e3o de Desenvolvimento Econ\u00f4mico da C\u00e2mara dos Deputados aprovou o Projeto de Lei 3557\/25, do deputado Vitor Lippi (PSD-SP), para permitir que empresas p\u00fablicas e sociedades de economia mista concedam prefer\u00eancia a produtos e servi\u00e7os nacionais em suas licita\u00e7\u00f5es. [&hellip;]<\/p>\n","protected":false},"author":0,"featured_media":0,"comment_status":"open","ping_status":"open","sticky":false,"template":"","format":"standard","meta":{"footnotes":""},"categories":[1],"tags":[],"_links":{"self":[{"href":"https:\/\/jeffersonisac.adv.br\/index.php\/wp-json\/wp\/v2\/posts\/15814"}],"collection":[{"href":"https:\/\/jeffersonisac.adv.br\/index.php\/wp-json\/wp\/v2\/posts"}],"about":[{"href":"https:\/\/jeffersonisac.adv.br\/index.php\/wp-json\/wp\/v2\/types\/post"}],"replies":[{"embeddable":true,"href":"https:\/\/jeffersonisac.adv.br\/index.php\/wp-json\/wp\/v2\/comments?post=15814"}],"version-history":[{"count":0,"href":"https:\/\/jeffersonisac.adv.br\/index.php\/wp-json\/wp\/v2\/posts\/15814\/revisions"}],"wp:attachment":[{"href":"https:\/\/jeffersonisac.adv.br\/index.php\/wp-json\/wp\/v2\/media?parent=15814"}],"wp:term":[{"taxonomy":"category","embeddable":true,"href":"https:\/\/jeffersonisac.adv.br\/index.php\/wp-json\/wp\/v2\/categories?post=15814"},{"taxonomy":"post_tag","embeddable":true,"href":"https:\/\/jeffersonisac.adv.br\/index.php\/wp-json\/wp\/v2\/tags?post=15814"}],"curies":[{"name":"wp","href":"https:\/\/api.w.org\/{rel}","templated":true}]}}