{"id":15815,"date":"2026-03-24T11:28:25","date_gmt":"2026-03-24T14:28:25","guid":{"rendered":"https:\/\/jeffersonisac.adv.br\/index.php\/2026\/03\/24\/comissao-aprova-projeto-que-cria-marco-legal-de-atencao-as-vitimas-de-escalpelamento\/"},"modified":"2026-03-24T11:28:25","modified_gmt":"2026-03-24T14:28:25","slug":"comissao-aprova-projeto-que-cria-marco-legal-de-atencao-as-vitimas-de-escalpelamento","status":"publish","type":"post","link":"https:\/\/jeffersonisac.adv.br\/index.php\/2026\/03\/24\/comissao-aprova-projeto-que-cria-marco-legal-de-atencao-as-vitimas-de-escalpelamento\/","title":{"rendered":"Comiss\u00e3o aprova projeto que cria marco legal de aten\u00e7\u00e3o \u00e0s v\u00edtimas de escalpelamento"},"content":{"rendered":"<div class=\"image-container\">\n<div class=\"midia-creditos\"><em>Kayo Magalh\u00e3es \/ C\u00e2mara dos Deputados<\/em><\/div>\n<div class=\"media-wrapper\"><\/div>\n<div class=\"midia-legenda\">Laura Carneiro recomendou a aprova\u00e7\u00e3o da proposta<\/div>\n<\/div>\n<p>A Comiss\u00e3o de Previd\u00eancia, Assist\u00eancia Social, Inf\u00e2ncia, Adolesc\u00eancia e Fam\u00edlia da C\u00e2mara dos Deputados aprovou o Projeto de Lei 4443\/24, que assegura atendimento integral a pessoas que sofreram escalpelamento \u2013 arrancamento do couro cabeludo por motores de embarca\u00e7\u00f5es \u2013 acidente comum na regi\u00e3o amaz\u00f4nica.<\/p>\n<p>O escalpeamento ocorre geralmente em pequenas embarca\u00e7\u00f5es, quando os cabelos de passageiros acabam sendo sugados ou enredados pelo eixo desprotegido do motor, levando \u00e0 retirada brusca de parte do couro cabeludo e, \u00e0s vezes, da face.<\/p>\n<p>As les\u00f5es costumam ser graves, com risco de sequelas permanentes, podendo levar \u00e0 morte em casos extremos.<\/p>\n<p><strong>Garantias<\/strong><br \/>\nPelo projeto, v\u00edtimas desses acidentes passam a ter assegurado o direito a:<\/p>\n<p>cirurgias reparadoras;<br \/>\npr\u00f3teses;<br \/>\nreabilita\u00e7\u00e3o f\u00edsica; e<br \/>\natendimento psicol\u00f3gico pelo sistema de sa\u00fade.<\/p>\n<p>O texto tamb\u00e9m prev\u00ea acesso a benef\u00edcios sociais e previdenci\u00e1rios, al\u00e9m de apoio para que essas pessoas possam entrar ou retornar ao mercado de trabalho.<\/p>\n<p><strong>Parecer favor\u00e1vel<\/strong><br \/>\nA relatora, deputada Laura Carneiro (PSD-RJ), recomendou a aprova\u00e7\u00e3o da proposta. Ela destacou que a maior parte das v\u00edtimas \u00e9 do sexo feminino, a grande maioria crian\u00e7as e adolescentes, e as ocorr\u00eancias se concentram na popula\u00e7\u00e3o ribeirinha da Amaz\u00f4nia.<\/p>\n<p>\u201cA deformidade resultante \u00e9 de dif\u00edcil repara\u00e7\u00e3o e afeta n\u00e3o s\u00f3 a apar\u00eancia f\u00edsica como o equil\u00edbrio emocional e dificulta a coloca\u00e7\u00e3o na escola e no mercado de trabalho\u201d, disse a deputada.<\/p>\n<p><strong>Campanhas educativas<\/strong><br \/>\nO projeto tamb\u00e9m determina a realiza\u00e7\u00e3o de campanhas de esclarecimento para prevenir novos acidentes e orientar sobre os direitos das v\u00edtimas.<\/p>\n<p>\u00d3rg\u00e3os das \u00e1reas de sa\u00fade, assist\u00eancia social, educa\u00e7\u00e3o e justi\u00e7a dever\u00e3o atuar de forma conjunta para assegurar o cumprimento das novas regras.<\/p>\n<p><strong>Prote\u00e7\u00e3o de motores<\/strong><br \/>\nO combate ao escalpelamento em embarca\u00e7\u00f5es ganhou for\u00e7a com a <a class=\"linkLegislacao\" href=\"https:\/\/www2.camara.gov.br\/legin\/fed\/lei\/2009\/lei-11970-6-julho-2009-589191-norma-pl.html\">Lei 11.970\/09<\/a>, que tornou obrigat\u00f3ria a prote\u00e7\u00e3o de motores e eixos, reduzindo drasticamente os acidentes.<\/p>\n<p>Al\u00e9m da cria\u00e7\u00e3o de um dia nacional sobre o tema, a\u00e7\u00f5es conjuntas entre associa\u00e7\u00f5es de v\u00edtimas e a Marinha incentivam a seguran\u00e7a nos barcos.<\/p>\n<p>Em 2021, o governo federal refor\u00e7ou essa mobiliza\u00e7\u00e3o com um grupo de trabalho interministerial para propor novas medidas de preven\u00e7\u00e3o e apoio \u00e0s v\u00edtimas.<\/p>\n<p><strong>Pr\u00f3ximas etapas<br \/>\n<\/strong>A proposta ser\u00e1 ainda analisada, em <span class=\"termoGlossario\">car\u00e1ter conclusivo<\/span>, pelas comiss\u00f5es de Sa\u00fade; de Finan\u00e7as e Tributa\u00e7\u00e3o; e de Constitui\u00e7\u00e3o e Justi\u00e7a e de Cidadania.<\/p>\n<p>Para virar lei, o texto deve ser aprovado pela C\u00e2mara e pelo Senado.<\/p>\n<p><a href=\"https:\/\/www.camara.leg.br\/noticias\/573454-SAIBA-MAIS-SOBRE-A-TRAMITACAO-DE-PROJETOS-DE-LEI\">Saiba mais sobre a tramita\u00e7\u00e3o de projetos de lei<\/a><\/p>","protected":false},"excerpt":{"rendered":"<p>Kayo Magalh\u00e3es \/ C\u00e2mara dos Deputados Laura Carneiro recomendou a aprova\u00e7\u00e3o da proposta A Comiss\u00e3o de Previd\u00eancia, Assist\u00eancia Social, Inf\u00e2ncia, Adolesc\u00eancia e Fam\u00edlia da C\u00e2mara dos Deputados aprovou o Projeto de Lei 4443\/24, que assegura atendimento integral a pessoas que sofreram escalpelamento \u2013 arrancamento do couro cabeludo por motores de embarca\u00e7\u00f5es \u2013 acidente comum na [&hellip;]<\/p>\n","protected":false},"author":0,"featured_media":0,"comment_status":"open","ping_status":"open","sticky":false,"template":"","format":"standard","meta":{"footnotes":""},"categories":[1],"tags":[],"_links":{"self":[{"href":"https:\/\/jeffersonisac.adv.br\/index.php\/wp-json\/wp\/v2\/posts\/15815"}],"collection":[{"href":"https:\/\/jeffersonisac.adv.br\/index.php\/wp-json\/wp\/v2\/posts"}],"about":[{"href":"https:\/\/jeffersonisac.adv.br\/index.php\/wp-json\/wp\/v2\/types\/post"}],"replies":[{"embeddable":true,"href":"https:\/\/jeffersonisac.adv.br\/index.php\/wp-json\/wp\/v2\/comments?post=15815"}],"version-history":[{"count":0,"href":"https:\/\/jeffersonisac.adv.br\/index.php\/wp-json\/wp\/v2\/posts\/15815\/revisions"}],"wp:attachment":[{"href":"https:\/\/jeffersonisac.adv.br\/index.php\/wp-json\/wp\/v2\/media?parent=15815"}],"wp:term":[{"taxonomy":"category","embeddable":true,"href":"https:\/\/jeffersonisac.adv.br\/index.php\/wp-json\/wp\/v2\/categories?post=15815"},{"taxonomy":"post_tag","embeddable":true,"href":"https:\/\/jeffersonisac.adv.br\/index.php\/wp-json\/wp\/v2\/tags?post=15815"}],"curies":[{"name":"wp","href":"https:\/\/api.w.org\/{rel}","templated":true}]}}