{"id":15816,"date":"2026-03-24T12:37:56","date_gmt":"2026-03-24T15:37:56","guid":{"rendered":"https:\/\/jeffersonisac.adv.br\/index.php\/2026\/03\/24\/deputado-destaca-dia-mundial-da-agua-e-cobra-protecao-dos-rios\/"},"modified":"2026-03-24T12:37:56","modified_gmt":"2026-03-24T15:37:56","slug":"deputado-destaca-dia-mundial-da-agua-e-cobra-protecao-dos-rios","status":"publish","type":"post","link":"https:\/\/jeffersonisac.adv.br\/index.php\/2026\/03\/24\/deputado-destaca-dia-mundial-da-agua-e-cobra-protecao-dos-rios\/","title":{"rendered":"Deputado destaca Dia Mundial da \u00c1gua e cobra prote\u00e7\u00e3o dos rios"},"content":{"rendered":"<div class=\"video-container youtube youtube-100\">\n<div class=\"midia-creditos\"><em>YouTube<\/em><\/div>\n\n<div class=\"midia-legenda\"><\/div>\n<\/div>\n<p>O deputado Nilto Tatto (PT-SP), coordenador da <span class=\"termoGlossario\">Frente Parlamentar<\/span> Ambientalista, destacou a import\u00e2ncia do Dia Mundial da \u00c1gua (22 de mar\u00e7o) para chamar aten\u00e7\u00e3o para os efeitos da polui\u00e7\u00e3o, da falta de recursos h\u00eddricos e do aquecimento global.<\/p>\n<p>Tatto participou do <em>Painel Eletr\u00f4nico<\/em>, da R\u00e1dio C\u00e2mara, na segunda-feira (23), dia em que a C\u00e2mara dos Deputados realizou uma sess\u00e3o solene sobre o tema.<\/p>\n<p><a href=\"https:\/\/www.camara.leg.br\/midias-fs\/audio\/2026\/03\/20260323-painel-eletronico-dep-nilto-tatto.mp3\">Ou\u00e7a a \u00edntegra da entrevista de Nilto Tatto \u00e0 R\u00e1dio C\u00e2mara<\/a><\/p>\n<p>O deputado criticou o <a href=\"https:\/\/www2.camara.leg.br\/legin\/fed\/lei\/2020\/lei-14026-15-julho-2020-790419-norma-pl.html\">novo marco legal do saneamento<\/a> por ampliar privatiza\u00e7\u00f5es e, segundo ele, dificultar a universaliza\u00e7\u00e3o de \u00e1gua pot\u00e1vel e esgoto.<\/p>\n<p>Tatto tamb\u00e9m comentou dados recentes do Instituto Trata Brasil, segundo os quais quase metade da popula\u00e7\u00e3o brasileira ainda n\u00e3o tem acesso a esgoto.<\/p>\n<p>&#8220;O novo marco legal do saneamento tornou mais dif\u00edcil garantir que toda a popula\u00e7\u00e3o brasileira tenha coleta e tratamento de esgoto e acesso \u00e0 \u00e1gua pot\u00e1vel. Um exemplo disso \u00e9 a privatiza\u00e7\u00e3o da Sabesp, no estado de S\u00e3o Paulo&#8221;, disse.<\/p>\n<p>&#8220;Antes, a empresa prestava um servi\u00e7o considerado eficiente. Hoje, h\u00e1 problemas no fornecimento de \u00e1gua. Nas comunidades em que o servi\u00e7o n\u00e3o gera lucro, as empresas privatizadas t\u00eam dificuldade para oferecer tratamento de esgoto e fornecimento de \u00e1gua&#8221;, acrescentou.<\/p>\n<p>\u00a0<\/p>\n<div><\/div>\n<p>\u00a0<\/p>","protected":false},"excerpt":{"rendered":"<p>YouTube O deputado Nilto Tatto (PT-SP), coordenador da Frente Parlamentar Ambientalista, destacou a import\u00e2ncia do Dia Mundial da \u00c1gua (22 de mar\u00e7o) para chamar aten\u00e7\u00e3o para os efeitos da polui\u00e7\u00e3o, da falta de recursos h\u00eddricos e do aquecimento global. Tatto participou do Painel Eletr\u00f4nico, da R\u00e1dio C\u00e2mara, na segunda-feira (23), dia em que a C\u00e2mara [&hellip;]<\/p>\n","protected":false},"author":0,"featured_media":0,"comment_status":"open","ping_status":"open","sticky":false,"template":"","format":"standard","meta":{"footnotes":""},"categories":[1],"tags":[],"_links":{"self":[{"href":"https:\/\/jeffersonisac.adv.br\/index.php\/wp-json\/wp\/v2\/posts\/15816"}],"collection":[{"href":"https:\/\/jeffersonisac.adv.br\/index.php\/wp-json\/wp\/v2\/posts"}],"about":[{"href":"https:\/\/jeffersonisac.adv.br\/index.php\/wp-json\/wp\/v2\/types\/post"}],"replies":[{"embeddable":true,"href":"https:\/\/jeffersonisac.adv.br\/index.php\/wp-json\/wp\/v2\/comments?post=15816"}],"version-history":[{"count":0,"href":"https:\/\/jeffersonisac.adv.br\/index.php\/wp-json\/wp\/v2\/posts\/15816\/revisions"}],"wp:attachment":[{"href":"https:\/\/jeffersonisac.adv.br\/index.php\/wp-json\/wp\/v2\/media?parent=15816"}],"wp:term":[{"taxonomy":"category","embeddable":true,"href":"https:\/\/jeffersonisac.adv.br\/index.php\/wp-json\/wp\/v2\/categories?post=15816"},{"taxonomy":"post_tag","embeddable":true,"href":"https:\/\/jeffersonisac.adv.br\/index.php\/wp-json\/wp\/v2\/tags?post=15816"}],"curies":[{"name":"wp","href":"https:\/\/api.w.org\/{rel}","templated":true}]}}