{"id":15818,"date":"2026-03-24T12:37:56","date_gmt":"2026-03-24T15:37:56","guid":{"rendered":"https:\/\/jeffersonisac.adv.br\/index.php\/2026\/03\/24\/comissao-aprova-transporte-publico-gratuito-para-agentes-de-seguranca-publica\/"},"modified":"2026-03-24T12:37:56","modified_gmt":"2026-03-24T15:37:56","slug":"comissao-aprova-transporte-publico-gratuito-para-agentes-de-seguranca-publica","status":"publish","type":"post","link":"https:\/\/jeffersonisac.adv.br\/index.php\/2026\/03\/24\/comissao-aprova-transporte-publico-gratuito-para-agentes-de-seguranca-publica\/","title":{"rendered":"Comiss\u00e3o aprova transporte p\u00fablico gratuito para agentes de seguran\u00e7a p\u00fablica"},"content":{"rendered":"<div class=\"image-container\">\n<div class=\"midia-creditos\"><em>Kayo Magalh\u00e3es \/ C\u00e2mara dos Deputados<\/em><\/div>\n<div class=\"media-wrapper\"><\/div>\n<div class=\"midia-legenda\">Z\u00e9 Trov\u00e3o recomendou a aprova\u00e7\u00e3o, com emendas<\/div>\n<\/div>\n<p>A Comiss\u00e3o de Via\u00e7\u00e3o e Transportes da C\u00e2mara dos Deputados aprovou projeto de lei que estabelece a gratuidade no transporte p\u00fablico coletivo para policiais civis e militares. A medida ser\u00e1 v\u00e1lida para \u00f4nibus urbanos e intermunicipais, metr\u00f4s, trens e transporte aquavi\u00e1rio.<\/p>\n<p>Por recomenda\u00e7\u00e3o do relator, deputado Z\u00e9 Trov\u00e3o (PL-SC), foi aprovada a <a href=\"https:\/\/www.camara.leg.br\/noticias\/985995-COMISSAO-APROVA-PROJETO-QUE-GARANTE-GRATUIDADE-NO-TRANSPORTE-COLETIVO-A-AGENTES-DE-SEGURANCA-PUBLICA\">vers\u00e3o da Comiss\u00e3o de Seguran\u00e7a P\u00fablica<\/a> para o <a class=\"linkProposicao\" href=\"https:\/\/www.camara.leg.br\/noticias\/980554-proposta-estabelece-a-gratuidade-no-transporte-publico-para-os-policiais\">Projeto de Lei 1923\/23<\/a>, do deputado Capit\u00e3o Augusto (PL-SP).<\/p>\n<p>Z\u00e9 Trov\u00e3o tamb\u00e9m acatou emenda na Comiss\u00e3o de Via\u00e7\u00e3o e Transportes para incluir as balsas na lista das isen\u00e7\u00f5es.<\/p>\n<p><a href=\"https:\/\/www.camara.leg.br\/proposicoesWeb\/prop_mostrarintegra?codteor=3101021&amp;filename=SBT-A+1+CVT+%3D%3E+PL+1923\/2023\">Veja a \u00edntegra do texto aprovado<\/a><\/p>\n<p>\u201cA gratuidade do uso dos sistemas de transporte urbano e intermunicipal certamente contribuir\u00e1 para a melhoria de condi\u00e7\u00f5es de vida dos policiais e, consequentemente, do n\u00edvel dos servi\u00e7os por eles prestados\u201d, afirmou o relator.<\/p>\n<p>Uniformizado e a trabalho<br \/>\nPara usufruir da gratuidade, o texto aprovado exige que os agentes de seguran\u00e7a estejam em efetivo exerc\u00edcio e devidamente uniformizados.<\/p>\n<p>A comprova\u00e7\u00e3o ser\u00e1 feita pela apresenta\u00e7\u00e3o de um documento de identifica\u00e7\u00e3o funcional v\u00e1lido.<\/p>\n<p><strong>Prioridade para quem paga<\/strong><br \/>\nA proposta tamb\u00e9m garante que a isen\u00e7\u00e3o tarif\u00e1ria concedida aos policiais n\u00e3o prejudicar\u00e1 os demais passageiros. Dever\u00e1 ser respeitada a capacidade do ve\u00edculo e a prioridade no uso dos assentos pelos usu\u00e1rios que pagaram a passagem.<\/p>\n<p>O texto tamb\u00e9m obriga as empresas de transporte a instalar avisos informativos vis\u00edveis sobre o direito dos policiais.<\/p>\n<p>As despesas decorrentes da gratuidade dever\u00e3o ser custeadas por dota\u00e7\u00f5es or\u00e7ament\u00e1rias dos estados e munic\u00edpios.<\/p>\n<p><strong>Pr\u00f3ximos passos<\/strong><br \/>\nA proposta ainda ser\u00e1 analisada em <span class=\"termoGlossario\">car\u00e1ter conclusivo<\/span> pelas comiss\u00f5es de Finan\u00e7as e Tributa\u00e7\u00e3o; e de Constitui\u00e7\u00e3o e Justi\u00e7a e de Cidadania.<\/p>\n<p>Para virar lei, o texto ter\u00e1 de ser aprovado pela C\u00e2mara e pelo Senado.<\/p>\n<p><a href=\"https:\/\/www.camara.leg.br\/noticias\/573454-SAIBA-MAIS-SOBRE-A-TRAMITACAO-DE-PROJETOS-DE-LEI\">Saiba mais sobre a tramita\u00e7\u00e3o de projetos de lei<\/a><\/p>","protected":false},"excerpt":{"rendered":"<p>Kayo Magalh\u00e3es \/ C\u00e2mara dos Deputados Z\u00e9 Trov\u00e3o recomendou a aprova\u00e7\u00e3o, com emendas A Comiss\u00e3o de Via\u00e7\u00e3o e Transportes da C\u00e2mara dos Deputados aprovou projeto de lei que estabelece a gratuidade no transporte p\u00fablico coletivo para policiais civis e militares. A medida ser\u00e1 v\u00e1lida para \u00f4nibus urbanos e intermunicipais, metr\u00f4s, trens e transporte aquavi\u00e1rio. Por [&hellip;]<\/p>\n","protected":false},"author":0,"featured_media":0,"comment_status":"open","ping_status":"open","sticky":false,"template":"","format":"standard","meta":{"footnotes":""},"categories":[1],"tags":[],"_links":{"self":[{"href":"https:\/\/jeffersonisac.adv.br\/index.php\/wp-json\/wp\/v2\/posts\/15818"}],"collection":[{"href":"https:\/\/jeffersonisac.adv.br\/index.php\/wp-json\/wp\/v2\/posts"}],"about":[{"href":"https:\/\/jeffersonisac.adv.br\/index.php\/wp-json\/wp\/v2\/types\/post"}],"replies":[{"embeddable":true,"href":"https:\/\/jeffersonisac.adv.br\/index.php\/wp-json\/wp\/v2\/comments?post=15818"}],"version-history":[{"count":0,"href":"https:\/\/jeffersonisac.adv.br\/index.php\/wp-json\/wp\/v2\/posts\/15818\/revisions"}],"wp:attachment":[{"href":"https:\/\/jeffersonisac.adv.br\/index.php\/wp-json\/wp\/v2\/media?parent=15818"}],"wp:term":[{"taxonomy":"category","embeddable":true,"href":"https:\/\/jeffersonisac.adv.br\/index.php\/wp-json\/wp\/v2\/categories?post=15818"},{"taxonomy":"post_tag","embeddable":true,"href":"https:\/\/jeffersonisac.adv.br\/index.php\/wp-json\/wp\/v2\/tags?post=15818"}],"curies":[{"name":"wp","href":"https:\/\/api.w.org\/{rel}","templated":true}]}}