{"id":15819,"date":"2026-03-24T12:37:56","date_gmt":"2026-03-24T15:37:56","guid":{"rendered":"https:\/\/jeffersonisac.adv.br\/index.php\/2026\/03\/24\/comissao-aprova-obrigatoriedade-de-foto-do-medidor-na-conta-de-luz\/"},"modified":"2026-03-24T12:37:56","modified_gmt":"2026-03-24T15:37:56","slug":"comissao-aprova-obrigatoriedade-de-foto-do-medidor-na-conta-de-luz","status":"publish","type":"post","link":"https:\/\/jeffersonisac.adv.br\/index.php\/2026\/03\/24\/comissao-aprova-obrigatoriedade-de-foto-do-medidor-na-conta-de-luz\/","title":{"rendered":"Comiss\u00e3o aprova obrigatoriedade de foto do medidor na conta de luz"},"content":{"rendered":"<div class=\"image-container\">\n<div class=\"midia-creditos\"><em>Renato Ara\u00fajo\/C\u00e2mara dos Deputados<\/em><\/div>\n<div class=\"media-wrapper\"><\/div>\n<div class=\"midia-legenda\">Russomanno: registro funcionar\u00e1 como uma medida preventiva contra eventuais fraudes<\/div>\n<\/div>\n<p>A Comiss\u00e3o de Defesa do Consumidor da C\u00e2mara dos Deputados aprovou o <a class=\"linkProposicao\" href=\"https:\/\/www.camara.leg.br\/noticias\/763306-proposta-exige-foto-do-medidor-no-momento-de-fechar-da-conta-de-luz\">Projeto de Lei 1462\/21<\/a>, que obriga as distribuidoras de energia el\u00e9trica a enviar um registro fotogr\u00e1fico do medidor junto com a conta de luz.<\/p>\n<p>O relator, deputado Celso Russomanno (Republicanos-SP), recomendou a aprova\u00e7\u00e3o do texto, ap\u00f3s ajuste na reda\u00e7\u00e3o para deixar claro que a obriga\u00e7\u00e3o da foto ser\u00e1 aplicada apenas \u00e0s leituras feitas presencialmente.<\/p>\n<p>\u201cO registro fotogr\u00e1fico dever\u00e1 funcionar como uma medida preventiva contra eventuais fraudes, tanto por parte de funcion\u00e1rios da concession\u00e1ria, quanto por parte dos consumidores\u201d, disse Russomanno no parecer aprovado.<\/p>\n<p>Segundo o deputado Leonardo Gadelha (Pode-PB), autor da proposta e hoje na supl\u00eancia, a ideia \u00e9 garantir que os usu\u00e1rios atestem o faturamento. \u201cA transpar\u00eancia \u00e9 um indicador de aperfei\u00e7oamento na presta\u00e7\u00e3o de servi\u00e7os p\u00fablicos\u201d, afirmou.<\/p>\n<p><strong>Pr\u00f3ximos passos<\/strong><br \/>\nA proposi\u00e7\u00e3o ainda ser\u00e1 analisada, em <span class=\"termoGlossario\">car\u00e1ter conclusivo<\/span>, pelas comiss\u00f5es de Minas e Energia; e de Constitui\u00e7\u00e3o e Justi\u00e7a e de Cidadania.<\/p>\n<p>Para virar lei, o texto ter\u00e1 de ser aprovado pela C\u00e2mara e pelo Senado.<\/p>\n<p><a href=\"https:\/\/www.camara.leg.br\/noticias\/573454-SAIBA-MAIS-SOBRE-A-TRAMITACAO-DE-PROJETOS-DE-LEI\">Saiba mais sobre a tramita\u00e7\u00e3o de projetos de lei<\/a><\/p>","protected":false},"excerpt":{"rendered":"<p>Renato Ara\u00fajo\/C\u00e2mara dos Deputados Russomanno: registro funcionar\u00e1 como uma medida preventiva contra eventuais fraudes A Comiss\u00e3o de Defesa do Consumidor da C\u00e2mara dos Deputados aprovou o Projeto de Lei 1462\/21, que obriga as distribuidoras de energia el\u00e9trica a enviar um registro fotogr\u00e1fico do medidor junto com a conta de luz. O relator, deputado Celso Russomanno [&hellip;]<\/p>\n","protected":false},"author":0,"featured_media":0,"comment_status":"open","ping_status":"open","sticky":false,"template":"","format":"standard","meta":{"footnotes":""},"categories":[1],"tags":[],"_links":{"self":[{"href":"https:\/\/jeffersonisac.adv.br\/index.php\/wp-json\/wp\/v2\/posts\/15819"}],"collection":[{"href":"https:\/\/jeffersonisac.adv.br\/index.php\/wp-json\/wp\/v2\/posts"}],"about":[{"href":"https:\/\/jeffersonisac.adv.br\/index.php\/wp-json\/wp\/v2\/types\/post"}],"replies":[{"embeddable":true,"href":"https:\/\/jeffersonisac.adv.br\/index.php\/wp-json\/wp\/v2\/comments?post=15819"}],"version-history":[{"count":0,"href":"https:\/\/jeffersonisac.adv.br\/index.php\/wp-json\/wp\/v2\/posts\/15819\/revisions"}],"wp:attachment":[{"href":"https:\/\/jeffersonisac.adv.br\/index.php\/wp-json\/wp\/v2\/media?parent=15819"}],"wp:term":[{"taxonomy":"category","embeddable":true,"href":"https:\/\/jeffersonisac.adv.br\/index.php\/wp-json\/wp\/v2\/categories?post=15819"},{"taxonomy":"post_tag","embeddable":true,"href":"https:\/\/jeffersonisac.adv.br\/index.php\/wp-json\/wp\/v2\/tags?post=15819"}],"curies":[{"name":"wp","href":"https:\/\/api.w.org\/{rel}","templated":true}]}}