{"id":15821,"date":"2026-03-24T14:30:31","date_gmt":"2026-03-24T17:30:31","guid":{"rendered":"https:\/\/jeffersonisac.adv.br\/index.php\/2026\/03\/24\/comissao-aprova-projeto-que-amplia-penas-para-o-crime-de-bullying\/"},"modified":"2026-03-24T14:30:31","modified_gmt":"2026-03-24T17:30:31","slug":"comissao-aprova-projeto-que-amplia-penas-para-o-crime-de-bullying","status":"publish","type":"post","link":"https:\/\/jeffersonisac.adv.br\/index.php\/2026\/03\/24\/comissao-aprova-projeto-que-amplia-penas-para-o-crime-de-bullying\/","title":{"rendered":"Comiss\u00e3o aprova projeto que amplia penas para o crime de bullying"},"content":{"rendered":"<div class=\"image-container\">\n<div class=\"midia-creditos\"><em>Kayo Magalh\u00e3es \/ C\u00e2mara dos Deputados<\/em><\/div>\n<div class=\"media-wrapper\"><\/div>\n<div class=\"midia-legenda\">Ruy Carneiro, relator da proposta<\/div>\n<\/div>\n<p>A Comiss\u00e3o de Previd\u00eancia, Assist\u00eancia Social, Inf\u00e2ncia, Adolesc\u00eancia e Fam\u00edlia da C\u00e2mara dos Deputados aprovou projeto de lei que aumenta a pena para o crime de bullying e ajusta a reda\u00e7\u00e3o do <a href=\"https:\/\/www2.camara.leg.br\/legin\/fed\/declei\/1940-1949\/decreto-lei-2848-7-dezembro-1940-412868-norma-pe.html\">C\u00f3digo Penal<\/a>\u00a0sobre os crimes de bullying e de cyberbullying.<\/p>\n<p>O texto aprovado \u00e9 a vers\u00e3o do relator, deputado Ruy Carneiro (Pode-PB), para o <a class=\"linkProposicao\" href=\"https:\/\/www.camara.leg.br\/noticias\/631090-projeto-torna-crime-usar-a-internet-para-induzir-alguem-a-automutilacao\">Projeto de Lei 847\/19<\/a>, do senador Conf\u00facio Moura (MDB-RO), e para 32 propostas que tramitam em conjunto. O relator apresentou nova reda\u00e7\u00e3o.<\/p>\n<p>\u201cEste substitutivo aperfei\u00e7oa o quadro normativo que disp\u00f5e sobre as condutas de intimida\u00e7\u00e3o sistem\u00e1tica (bullying) e de intimida\u00e7\u00e3o sistem\u00e1tica virtual (cyberbullying)\u201d, afirmou o relator Ruy Carneiro no parecer aprovado.<\/p>\n<p><strong>Principais pontos<\/strong><br \/>\nPelo <span class=\"termoGlossario\">substitutivo<\/span>, o bullying passa a ser definido como intimidar algu\u00e9m de forma sistem\u00e1tica, com viol\u00eancia f\u00edsica ou psicol\u00f3gica, por humilha\u00e7\u00e3o, discrimina\u00e7\u00e3o ou a\u00e7\u00f5es verbais, morais, sexuais, sociais, psicol\u00f3gicas, f\u00edsicas ou materiais. A pena, que hoje \u00e9 de multa, ser\u00e1 de <span class=\"termoGlossario\">deten\u00e7\u00e3o<\/span> de seis meses a dois anos e multa.<\/p>\n<p>No caso do cyberbullying, o substitutivo mant\u00e9m pena de <span class=\"termoGlossario\">reclus\u00e3o<\/span> de dois a quatro anos e multa. O novo texto prev\u00ea que a responsabiliza\u00e7\u00e3o ocorrer\u00e1 \u201csem preju\u00edzo das penas correspondentes \u00e0s demais infra\u00e7\u00f5es penais praticadas\u201d.<\/p>\n<p>O texto tamb\u00e9m retira da legisla\u00e7\u00e3o express\u00f5es consideradas redundantes ou contradit\u00f3rias, como as refer\u00eancias \u00e0 pr\u00e1tica \u201cindividualmente ou em grupo\u201d, ao fato de que podem ser v\u00edtimas \u201cuma ou mais pessoas\u201d, \u00e0 conduta \u201cde modo intencional e repetitivo\u201d e a a\u00e7\u00f5es praticadas por meios virtuais no tipo principal.<\/p>\n<p><strong>Pr\u00f3ximos passos<\/strong><br \/>\nA proposta ainda ser\u00e1 analisada pelas comiss\u00f5es de Comunica\u00e7\u00e3o; de Seguran\u00e7a P\u00fablica e Combate ao Crime Organizado; e de Constitui\u00e7\u00e3o e Justi\u00e7a e de Cidadania. Depois seguir\u00e1 para o Plen\u00e1rio.<\/p>\n<p>Para virar lei, o texto ter\u00e1 de ser aprovado pela C\u00e2mara e pelo Senado.<\/p>\n<p><a href=\"https:\/\/www.camara.leg.br\/noticias\/573454-SAIBA-MAIS-SOBRE-A-TRAMITACAO-DE-PROJETOS-DE-LEI\">Saiba mais sobre a tramita\u00e7\u00e3o de projetos de lei<\/a><\/p>","protected":false},"excerpt":{"rendered":"<p>Kayo Magalh\u00e3es \/ C\u00e2mara dos Deputados Ruy Carneiro, relator da proposta A Comiss\u00e3o de Previd\u00eancia, Assist\u00eancia Social, Inf\u00e2ncia, Adolesc\u00eancia e Fam\u00edlia da C\u00e2mara dos Deputados aprovou projeto de lei que aumenta a pena para o crime de bullying e ajusta a reda\u00e7\u00e3o do C\u00f3digo Penal\u00a0sobre os crimes de bullying e de cyberbullying. O texto aprovado [&hellip;]<\/p>\n","protected":false},"author":0,"featured_media":0,"comment_status":"open","ping_status":"open","sticky":false,"template":"","format":"standard","meta":{"footnotes":""},"categories":[1],"tags":[],"_links":{"self":[{"href":"https:\/\/jeffersonisac.adv.br\/index.php\/wp-json\/wp\/v2\/posts\/15821"}],"collection":[{"href":"https:\/\/jeffersonisac.adv.br\/index.php\/wp-json\/wp\/v2\/posts"}],"about":[{"href":"https:\/\/jeffersonisac.adv.br\/index.php\/wp-json\/wp\/v2\/types\/post"}],"replies":[{"embeddable":true,"href":"https:\/\/jeffersonisac.adv.br\/index.php\/wp-json\/wp\/v2\/comments?post=15821"}],"version-history":[{"count":0,"href":"https:\/\/jeffersonisac.adv.br\/index.php\/wp-json\/wp\/v2\/posts\/15821\/revisions"}],"wp:attachment":[{"href":"https:\/\/jeffersonisac.adv.br\/index.php\/wp-json\/wp\/v2\/media?parent=15821"}],"wp:term":[{"taxonomy":"category","embeddable":true,"href":"https:\/\/jeffersonisac.adv.br\/index.php\/wp-json\/wp\/v2\/categories?post=15821"},{"taxonomy":"post_tag","embeddable":true,"href":"https:\/\/jeffersonisac.adv.br\/index.php\/wp-json\/wp\/v2\/tags?post=15821"}],"curies":[{"name":"wp","href":"https:\/\/api.w.org\/{rel}","templated":true}]}}