{"id":15822,"date":"2026-03-24T14:30:31","date_gmt":"2026-03-24T17:30:31","guid":{"rendered":"https:\/\/jeffersonisac.adv.br\/index.php\/2026\/03\/24\/criada-frente-parlamentar-em-defesa-da-politica-de-plantas-medicinais-e-fitoterapicas-assista\/"},"modified":"2026-03-24T14:30:31","modified_gmt":"2026-03-24T17:30:31","slug":"criada-frente-parlamentar-em-defesa-da-politica-de-plantas-medicinais-e-fitoterapicas-assista","status":"publish","type":"post","link":"https:\/\/jeffersonisac.adv.br\/index.php\/2026\/03\/24\/criada-frente-parlamentar-em-defesa-da-politica-de-plantas-medicinais-e-fitoterapicas-assista\/","title":{"rendered":"Criada Frente Parlamentar em Defesa da Pol\u00edtica de plantas medicinais e fitoter\u00e1picas; assista"},"content":{"rendered":"<div class=\"video-container youtube youtube-100\">\n<div class=\"midia-creditos\"><em>YouTube<\/em><\/div>\n\n<div class=\"midia-legenda\"><\/div>\n<\/div>\n<p>\u00a0<\/p>\n<div>\n<p>Deputados, pesquisadores e representantes do governo se reuniram na C\u00e2mara dos Deputados na semana passada para o lan\u00e7amento da <span class=\"termoGlossario\">Frente Parlamentar<\/span> em Defesa da Pol\u00edtica Nacional de Plantas Medicinais e Fitoter\u00e1picos.<\/p>\n<p>A iniciativa busca ampliar o incentivo ao cultivo org\u00e2nico e agroecol\u00f3gico, al\u00e9m de fortalecer a produ\u00e7\u00e3o e o acesso a esses produtos no pa\u00eds. Essa \u00e9 uma oportunidade econ\u00f4mica sustent\u00e1vel para pequenos produtores.<\/p>\n<p>&#8220;A Anvisa [Ag\u00eancia de Vigil\u00e2ncia Sanit\u00e1ria] j\u00e1 certifica pr\u00f3ximo de duas dezenas de plantas medicinais que podem ser prescritas na rede p\u00fablica. &#8220;Ent\u00e3o esse mercado precisa ser abastecido no SUS&#8221;, afirma o idealizador da frente, deputado Welter (PT-PR).<\/p>\n<p>&#8220;Aquilo que o povo j\u00e1 gosta de usar tem que ser processado, industrializado, de acordo com os padr\u00f5es sanit\u00e1rios que a sa\u00fade exige. E isso pode ser um grande neg\u00f3cio para a ind\u00fastria e um bom neg\u00f3cio para a agricultura familiar&#8221;, acrescenta.<\/p>\n<\/div>","protected":false},"excerpt":{"rendered":"<p>YouTube \u00a0 Deputados, pesquisadores e representantes do governo se reuniram na C\u00e2mara dos Deputados na semana passada para o lan\u00e7amento da Frente Parlamentar em Defesa da Pol\u00edtica Nacional de Plantas Medicinais e Fitoter\u00e1picos. A iniciativa busca ampliar o incentivo ao cultivo org\u00e2nico e agroecol\u00f3gico, al\u00e9m de fortalecer a produ\u00e7\u00e3o e o acesso a esses produtos [&hellip;]<\/p>\n","protected":false},"author":0,"featured_media":0,"comment_status":"open","ping_status":"open","sticky":false,"template":"","format":"standard","meta":{"footnotes":""},"categories":[1],"tags":[],"_links":{"self":[{"href":"https:\/\/jeffersonisac.adv.br\/index.php\/wp-json\/wp\/v2\/posts\/15822"}],"collection":[{"href":"https:\/\/jeffersonisac.adv.br\/index.php\/wp-json\/wp\/v2\/posts"}],"about":[{"href":"https:\/\/jeffersonisac.adv.br\/index.php\/wp-json\/wp\/v2\/types\/post"}],"replies":[{"embeddable":true,"href":"https:\/\/jeffersonisac.adv.br\/index.php\/wp-json\/wp\/v2\/comments?post=15822"}],"version-history":[{"count":0,"href":"https:\/\/jeffersonisac.adv.br\/index.php\/wp-json\/wp\/v2\/posts\/15822\/revisions"}],"wp:attachment":[{"href":"https:\/\/jeffersonisac.adv.br\/index.php\/wp-json\/wp\/v2\/media?parent=15822"}],"wp:term":[{"taxonomy":"category","embeddable":true,"href":"https:\/\/jeffersonisac.adv.br\/index.php\/wp-json\/wp\/v2\/categories?post=15822"},{"taxonomy":"post_tag","embeddable":true,"href":"https:\/\/jeffersonisac.adv.br\/index.php\/wp-json\/wp\/v2\/tags?post=15822"}],"curies":[{"name":"wp","href":"https:\/\/api.w.org\/{rel}","templated":true}]}}