{"id":15824,"date":"2026-03-24T14:30:32","date_gmt":"2026-03-24T17:30:32","guid":{"rendered":"https:\/\/jeffersonisac.adv.br\/index.php\/2026\/03\/24\/debate-na-camara-discute-reducao-da-jornada-de-trabalho-e-impactos-na-saude-assista\/"},"modified":"2026-03-24T14:30:32","modified_gmt":"2026-03-24T17:30:32","slug":"debate-na-camara-discute-reducao-da-jornada-de-trabalho-e-impactos-na-saude-assista","status":"publish","type":"post","link":"https:\/\/jeffersonisac.adv.br\/index.php\/2026\/03\/24\/debate-na-camara-discute-reducao-da-jornada-de-trabalho-e-impactos-na-saude-assista\/","title":{"rendered":"Debate na C\u00e2mara discute redu\u00e7\u00e3o da jornada de trabalho e impactos na sa\u00fade; assista"},"content":{"rendered":"<div class=\"video-container youtube youtube-100\">\n<div class=\"midia-creditos\"><em>YouTube<\/em><\/div>\n\n<div class=\"midia-legenda\"><\/div>\n<\/div>\n<p>Em debate na Comiss\u00e3o de Direitos Humanos da C\u00e2mara dos Deputados, na semana passada, representantes de institui\u00e7\u00f5es p\u00fablicas, entidades sindicais e especialistas discutiram os efeitos das jornadas extensas sobre a sa\u00fade e a qualidade de vida dos trabalhadores.<\/p>\n<p>Os participantes tamb\u00e9m abordaram os impactos dessas jornadas na cidadania e nas condi\u00e7\u00f5es de trabalho no pa\u00eds.<\/p>\n<p><strong>Acordos internacionais<\/strong><br \/>\nA secret\u00e1ria nacional de Promo\u00e7\u00e3o e Defesa dos Direitos Humanos, \u00c9lida Lauris, afirmou que o Brasil assinou tratados internacionais que refor\u00e7am a necessidade de garantir condi\u00e7\u00f5es dignas de trabalho e permitem avan\u00e7ar no debate sobre a redu\u00e7\u00e3o da jornada.<\/p>\n<p><strong>Fiscaliza\u00e7\u00e3o<\/strong><br \/>\nO representante da Associa\u00e7\u00e3o Nacional dos Auditores Fiscais do Trabalho, M\u00e1rio Diniz, defendeu a redu\u00e7\u00e3o da jornada, mas alertou para a necessidade de ampliar a fiscaliza\u00e7\u00e3o.<\/p>\n<p><strong>Propostas no Congresso<\/strong><br \/>\nO deputado Luiz Couto (PT-PB), que solicitou o debate, afirmou que propostas sobre o tema podem ser aprovadas ainda neste ano pelo Congresso Nacional.<\/p>\n<p>\u201cVamos continuar trabalhando para aprovar a norma que vai dar a condi\u00e7\u00e3o do trabalhador e da trabalhadora de ter dignidade no seu trabalho.&#8221;<\/p>\n<p>\u00a0<\/p>\n<div><\/div>\n<p>\u00a0<\/p>","protected":false},"excerpt":{"rendered":"<p>YouTube Em debate na Comiss\u00e3o de Direitos Humanos da C\u00e2mara dos Deputados, na semana passada, representantes de institui\u00e7\u00f5es p\u00fablicas, entidades sindicais e especialistas discutiram os efeitos das jornadas extensas sobre a sa\u00fade e a qualidade de vida dos trabalhadores. Os participantes tamb\u00e9m abordaram os impactos dessas jornadas na cidadania e nas condi\u00e7\u00f5es de trabalho no [&hellip;]<\/p>\n","protected":false},"author":0,"featured_media":0,"comment_status":"open","ping_status":"open","sticky":false,"template":"","format":"standard","meta":{"footnotes":""},"categories":[1],"tags":[],"_links":{"self":[{"href":"https:\/\/jeffersonisac.adv.br\/index.php\/wp-json\/wp\/v2\/posts\/15824"}],"collection":[{"href":"https:\/\/jeffersonisac.adv.br\/index.php\/wp-json\/wp\/v2\/posts"}],"about":[{"href":"https:\/\/jeffersonisac.adv.br\/index.php\/wp-json\/wp\/v2\/types\/post"}],"replies":[{"embeddable":true,"href":"https:\/\/jeffersonisac.adv.br\/index.php\/wp-json\/wp\/v2\/comments?post=15824"}],"version-history":[{"count":0,"href":"https:\/\/jeffersonisac.adv.br\/index.php\/wp-json\/wp\/v2\/posts\/15824\/revisions"}],"wp:attachment":[{"href":"https:\/\/jeffersonisac.adv.br\/index.php\/wp-json\/wp\/v2\/media?parent=15824"}],"wp:term":[{"taxonomy":"category","embeddable":true,"href":"https:\/\/jeffersonisac.adv.br\/index.php\/wp-json\/wp\/v2\/categories?post=15824"},{"taxonomy":"post_tag","embeddable":true,"href":"https:\/\/jeffersonisac.adv.br\/index.php\/wp-json\/wp\/v2\/tags?post=15824"}],"curies":[{"name":"wp","href":"https:\/\/api.w.org\/{rel}","templated":true}]}}