{"id":15825,"date":"2026-03-24T15:26:03","date_gmt":"2026-03-24T18:26:03","guid":{"rendered":"https:\/\/jeffersonisac.adv.br\/index.php\/2026\/03\/24\/deputados-destacam-importancia-do-dia-nacional-de-conscientizacao-sobre-mudancas-climaticas-assista\/"},"modified":"2026-03-24T15:26:03","modified_gmt":"2026-03-24T18:26:03","slug":"deputados-destacam-importancia-do-dia-nacional-de-conscientizacao-sobre-mudancas-climaticas-assista","status":"publish","type":"post","link":"https:\/\/jeffersonisac.adv.br\/index.php\/2026\/03\/24\/deputados-destacam-importancia-do-dia-nacional-de-conscientizacao-sobre-mudancas-climaticas-assista\/","title":{"rendered":"Deputados destacam import\u00e2ncia do Dia Nacional de Conscientiza\u00e7\u00e3o sobre Mudan\u00e7as Clim\u00e1ticas; assista"},"content":{"rendered":"<div class=\"video-container youtube youtube-100\">\n<div class=\"midia-creditos\"><em>YouTube<\/em><\/div>\n\n<div class=\"midia-legenda\"><\/div>\n<\/div>\n<p>\u00a0<\/p>\n<p>As fortes chuvas na Zona da Mata de Minas Gerais atingiram principalmente as cidades de Juiz de Fora e Ub\u00e1 e deixaram 65 mortos. O fevereiro mais chuvoso em 60 anos ainda deixou 8,5 mil pessoas desabrigadas, al\u00e9m de levar \u00e0 suspens\u00e3o das aulas nas redes municipais.<\/p>\n<p>Nesse cen\u00e1rio, o pa\u00eds celebrou o Dia Nacional de Conscientiza\u00e7\u00e3o sobre as Mudan\u00e7as Clim\u00e1ticas, em 16 de mar\u00e7o.<\/p>\n<p>O deputado Nilto Tatto (PT-SP), coordenador da <span class=\"termoGlossario\">Frente Parlamentar<\/span> Ambientalista, defende que o tema deve ser debatido com toda a sociedade.<\/p>\n<p>Pesquisa do Instituto Quest, realizada no ano passado com 2 mil pessoas, mostrou que 94% dos brasileiros j\u00e1 sentiram efeitos das mudan\u00e7as clim\u00e1ticas. Entre os principais impactos citados est\u00e3o:<\/p>\n<p>69% mencionam ondas de calor;<br \/>\n42% citam secas prolongadas;<br \/>\n35% apontam mudan\u00e7as nas esta\u00e7\u00f5es do ano.<\/p>\n<p>Al\u00e9m disso, 77% dos entrevistados dizem estar preocupados com o tema.<\/p>\n<p><strong>Conscientiza\u00e7\u00e3o<\/strong><br \/>\nPara a deputada C\u00e9lia Xakriab\u00e1 (Psol-MG), o primeiro passo para enfrentar o problema \u00e9 ampliar o conhecimento e a conscientiza\u00e7\u00e3o. Ela ressalta que esse processo leva tempo.\u00a0&#8220;\u00c9 uma importante iniciativa, mas \u00e9 importante reconhecer que, assim como a transforma\u00e7\u00e3o, ela acontece em um grande movimento&#8221;, disse a deputada.<\/p>\n<p>&#8220;Eu gosto de comparar esse processo de transforma\u00e7\u00e3o educacional, sobretudo para as quest\u00f5es clim\u00e1ticas, com a constru\u00e7\u00e3o desta Casa. A constru\u00e7\u00e3o<br \/>\ndos dois pilares do Congresso Nacional, demorou 3 anos para ser constru\u00eddo e tem 100 m de altura. A \u00e1rvore mais alta do Brasil, que \u00e9 a Suma\u00fama, tem em torno de 600 a 900 anos de idade e, ao mesmo tempo, ela demora para reconstruir. Por isso que a nossa luta n\u00e3o \u00e9 somente para reflorestar, a nossa luta \u00e9 para n\u00e3o desmatar.<\/p>","protected":false},"excerpt":{"rendered":"<p>YouTube \u00a0 As fortes chuvas na Zona da Mata de Minas Gerais atingiram principalmente as cidades de Juiz de Fora e Ub\u00e1 e deixaram 65 mortos. O fevereiro mais chuvoso em 60 anos ainda deixou 8,5 mil pessoas desabrigadas, al\u00e9m de levar \u00e0 suspens\u00e3o das aulas nas redes municipais. Nesse cen\u00e1rio, o pa\u00eds celebrou o [&hellip;]<\/p>\n","protected":false},"author":0,"featured_media":0,"comment_status":"open","ping_status":"open","sticky":false,"template":"","format":"standard","meta":{"footnotes":""},"categories":[1],"tags":[],"_links":{"self":[{"href":"https:\/\/jeffersonisac.adv.br\/index.php\/wp-json\/wp\/v2\/posts\/15825"}],"collection":[{"href":"https:\/\/jeffersonisac.adv.br\/index.php\/wp-json\/wp\/v2\/posts"}],"about":[{"href":"https:\/\/jeffersonisac.adv.br\/index.php\/wp-json\/wp\/v2\/types\/post"}],"replies":[{"embeddable":true,"href":"https:\/\/jeffersonisac.adv.br\/index.php\/wp-json\/wp\/v2\/comments?post=15825"}],"version-history":[{"count":0,"href":"https:\/\/jeffersonisac.adv.br\/index.php\/wp-json\/wp\/v2\/posts\/15825\/revisions"}],"wp:attachment":[{"href":"https:\/\/jeffersonisac.adv.br\/index.php\/wp-json\/wp\/v2\/media?parent=15825"}],"wp:term":[{"taxonomy":"category","embeddable":true,"href":"https:\/\/jeffersonisac.adv.br\/index.php\/wp-json\/wp\/v2\/categories?post=15825"},{"taxonomy":"post_tag","embeddable":true,"href":"https:\/\/jeffersonisac.adv.br\/index.php\/wp-json\/wp\/v2\/tags?post=15825"}],"curies":[{"name":"wp","href":"https:\/\/api.w.org\/{rel}","templated":true}]}}