{"id":15826,"date":"2026-03-24T15:26:03","date_gmt":"2026-03-24T18:26:03","guid":{"rendered":"https:\/\/jeffersonisac.adv.br\/index.php\/2026\/03\/24\/projeto-cria-piso-salarial-de-r-4-mil-para-motoristas-de-onibus-em-cidades-grandes\/"},"modified":"2026-03-24T15:26:03","modified_gmt":"2026-03-24T18:26:03","slug":"projeto-cria-piso-salarial-de-r-4-mil-para-motoristas-de-onibus-em-cidades-grandes","status":"publish","type":"post","link":"https:\/\/jeffersonisac.adv.br\/index.php\/2026\/03\/24\/projeto-cria-piso-salarial-de-r-4-mil-para-motoristas-de-onibus-em-cidades-grandes\/","title":{"rendered":"Projeto cria piso salarial de R$ 4 mil para motoristas de \u00f4nibus em cidades grandes"},"content":{"rendered":"<div class=\"image-container\">\n<div class=\"midia-creditos\"><em>Kayo Magalh\u00e3es \/ C\u00e2mara dos Deputados<\/em><\/div>\n<div class=\"media-wrapper\"><\/div>\n<div class=\"midia-legenda\">Daniel Almeida: piso vai suprir as necessidades b\u00e1sicas do trabalhador e de sua fam\u00edlia<\/div>\n<\/div>\n<p>O Projeto de Lei 6533\/25 estabelece um piso salarial de R$ 4 mil para motoristas profissionais de transporte coletivo em cidades ou regi\u00f5es metropolitanas com mais de 200 mil habitantes. O texto est\u00e1 em an\u00e1lise na C\u00e2mara dos Deputados.<\/p>\n<p>Pela proposta, essa remunera\u00e7\u00e3o corresponder\u00e1 a uma jornada de trabalho de 44 horas semanais. Para motoristas contratados com carga hor\u00e1ria inferior, o valor do pagamento ser\u00e1 proporcional \u00e0s horas trabalhadas.<\/p>\n<p>O texto prev\u00ea que o valor do sal\u00e1rio profissional ter\u00e1 reajuste anual pela infla\u00e7\u00e3o acumulada conforme o \u00cdndice Nacional de Pre\u00e7os ao Consumidor (<span class=\"termoGlossario\">INPC<\/span>), calculado pela Funda\u00e7\u00e3o Instituto Brasileiro de Geografia e Estat\u00edstica (IBGE).<\/p>\n<p><strong>Viabilidade econ\u00f4mica<\/strong><br \/>\n\u201cO piso n\u00e3o se justifica apenas pela alta complexidade da fun\u00e7\u00e3o, mas tamb\u00e9m pela necessidade de suprir as necessidades b\u00e1sicas do trabalhador e de sua fam\u00edlia\u201d, disse o deputado Daniel Almeida (PCdoB-BA), autor da proposta.<\/p>\n<p>O piso ser\u00e1 restrito a munic\u00edpios maiores ou regi\u00f5es metropolitanas para manter a viabilidade econ\u00f4mica do setor. Segundo a justificativa que acompanha o texto, cidades m\u00e9dias e grandes possuem grande volume de passageiros, subs\u00eddios municipais mais robustos e empresas com maior capacidade contributiva.<\/p>\n<p><strong>Pr\u00f3ximos passos<\/strong><br \/>\nO projeto ser\u00e1 analisado, em <span class=\"termoGlossario\">car\u00e1ter conclusivo<\/span>, pelas comiss\u00f5es de Trabalho; e de Constitui\u00e7\u00e3o e Justi\u00e7a e de Cidadania. Para virar lei, ter\u00e1 de ser aprovado pela C\u00e2mara e pelo Senado.<\/p>\n<p><a href=\"https:\/\/www.camara.leg.br\/noticias\/573454-SAIBA-MAIS-SOBRE-A-TRAMITACAO-DE-PROJETOS-DE-LEI\">Saiba mais sobre a tramita\u00e7\u00e3o de projetos de lei<\/a><\/p>","protected":false},"excerpt":{"rendered":"<p>Kayo Magalh\u00e3es \/ C\u00e2mara dos Deputados Daniel Almeida: piso vai suprir as necessidades b\u00e1sicas do trabalhador e de sua fam\u00edlia O Projeto de Lei 6533\/25 estabelece um piso salarial de R$ 4 mil para motoristas profissionais de transporte coletivo em cidades ou regi\u00f5es metropolitanas com mais de 200 mil habitantes. O texto est\u00e1 em an\u00e1lise [&hellip;]<\/p>\n","protected":false},"author":0,"featured_media":0,"comment_status":"open","ping_status":"open","sticky":false,"template":"","format":"standard","meta":{"footnotes":""},"categories":[1],"tags":[],"_links":{"self":[{"href":"https:\/\/jeffersonisac.adv.br\/index.php\/wp-json\/wp\/v2\/posts\/15826"}],"collection":[{"href":"https:\/\/jeffersonisac.adv.br\/index.php\/wp-json\/wp\/v2\/posts"}],"about":[{"href":"https:\/\/jeffersonisac.adv.br\/index.php\/wp-json\/wp\/v2\/types\/post"}],"replies":[{"embeddable":true,"href":"https:\/\/jeffersonisac.adv.br\/index.php\/wp-json\/wp\/v2\/comments?post=15826"}],"version-history":[{"count":0,"href":"https:\/\/jeffersonisac.adv.br\/index.php\/wp-json\/wp\/v2\/posts\/15826\/revisions"}],"wp:attachment":[{"href":"https:\/\/jeffersonisac.adv.br\/index.php\/wp-json\/wp\/v2\/media?parent=15826"}],"wp:term":[{"taxonomy":"category","embeddable":true,"href":"https:\/\/jeffersonisac.adv.br\/index.php\/wp-json\/wp\/v2\/categories?post=15826"},{"taxonomy":"post_tag","embeddable":true,"href":"https:\/\/jeffersonisac.adv.br\/index.php\/wp-json\/wp\/v2\/tags?post=15826"}],"curies":[{"name":"wp","href":"https:\/\/api.w.org\/{rel}","templated":true}]}}