{"id":15830,"date":"2026-03-24T17:31:32","date_gmt":"2026-03-24T20:31:32","guid":{"rendered":"https:\/\/jeffersonisac.adv.br\/index.php\/2026\/03\/24\/camara-aprova-regime-de-urgencia-para-cinco-projetos-de-lei\/"},"modified":"2026-03-24T17:31:32","modified_gmt":"2026-03-24T20:31:32","slug":"camara-aprova-regime-de-urgencia-para-cinco-projetos-de-lei","status":"publish","type":"post","link":"https:\/\/jeffersonisac.adv.br\/index.php\/2026\/03\/24\/camara-aprova-regime-de-urgencia-para-cinco-projetos-de-lei\/","title":{"rendered":"C\u00e2mara aprova regime de urg\u00eancia para cinco projetos de lei"},"content":{"rendered":"<div class=\"image-container\">\n<div class=\"midia-creditos\"><em>Kayo Magalh\u00e3es\/C\u00e2mara dos Deputados<\/em><\/div>\n<div class=\"media-wrapper\"><\/div>\n<div class=\"midia-legenda\">Plen\u00e1rio da C\u00e2mara dos Deputados<\/div>\n<\/div>\n<p>A C\u00e2mara dos Deputados aprovou nesta ter\u00e7a-feira (24) o regime de <span class=\"termoGlossario\">urg\u00eancia<\/span> para cinco propostas. Os projetos com urg\u00eancia podem ser votados diretamente no Plen\u00e1rio, sem passar antes pelas comiss\u00f5es da C\u00e2mara.<\/p>\n<p>Confira as propostas que passam a tramitar com urg\u00eancia:<\/p>\n<p>PL 3066\/25, do deputado Osmar Terra (PL-RS), que combate o uso de intelig\u00eancia artificial (IA) e de outras t\u00e9cnicas digitais na produ\u00e7\u00e3o de conte\u00fados pornogr\u00e1ficos envolvendo crian\u00e7as e adolescentes;<br \/>\nPL 3675\/25, do deputado Isnaldo Bulh\u00f5es Jr. (MDB-AL), que institui o Dia Nacional do Concession\u00e1rio de Ve\u00edculos Automotores de Via Terrestre, a ser comemorado em 18 de mar\u00e7o;<br \/>\nPL 1054\/19, do Senado, que garante \u00e0s gestantes, parturientes e pu\u00e9rperas o direito de fazer prova em segunda chamada em concursos p\u00fablicos federais;<br \/>\n<a class=\"linkProposicao\" href=\"https:\/\/www.camara.leg.br\/noticias\/1150487-projeto-cria-a-lista-suja-do-racismo-com-clubes-de-futebol-condenados-pela-pratica\">PL 1069\/25<\/a>, do deputado Bandeira de Mello (PSB-RJ), que cria a lista suja do racismo no esporte, um cadastro nacional com a rela\u00e7\u00e3o de nomes das entidades de pr\u00e1tica esportiva punidas por atos racistas cometidos por torcedores, atletas, membros de comiss\u00e3o t\u00e9cnica ou dirigentes durante eventos esportivos;<br \/>\nPL 2805\/25, da deputada Coronel Fernanda (PL-MT), que institui o Dia Nacional da Mulher Rural, a ser comemorado anualmente em 15 de outubro.<\/p>\n<p><a href=\"https:\/\/www.youtube.com\/watch?v=wHiwe9QNm4I&amp;pp=0gcJCdYKAYcqIYzv\">Assista ao vivo<\/a><\/p>\n<p><a href=\"https:\/\/www.camara.leg.br\/noticias\/573454-SAIBA-MAIS-SOBRE-A-TRAMITACAO-DE-PROJETOS-DE-LEI\">Saiba mais sobre a tramita\u00e7\u00e3o de projetos de lei<\/a><\/p>","protected":false},"excerpt":{"rendered":"<p>Kayo Magalh\u00e3es\/C\u00e2mara dos Deputados Plen\u00e1rio da C\u00e2mara dos Deputados A C\u00e2mara dos Deputados aprovou nesta ter\u00e7a-feira (24) o regime de urg\u00eancia para cinco propostas. Os projetos com urg\u00eancia podem ser votados diretamente no Plen\u00e1rio, sem passar antes pelas comiss\u00f5es da C\u00e2mara. Confira as propostas que passam a tramitar com urg\u00eancia: PL 3066\/25, do deputado Osmar [&hellip;]<\/p>\n","protected":false},"author":0,"featured_media":0,"comment_status":"open","ping_status":"open","sticky":false,"template":"","format":"standard","meta":{"footnotes":""},"categories":[1],"tags":[],"_links":{"self":[{"href":"https:\/\/jeffersonisac.adv.br\/index.php\/wp-json\/wp\/v2\/posts\/15830"}],"collection":[{"href":"https:\/\/jeffersonisac.adv.br\/index.php\/wp-json\/wp\/v2\/posts"}],"about":[{"href":"https:\/\/jeffersonisac.adv.br\/index.php\/wp-json\/wp\/v2\/types\/post"}],"replies":[{"embeddable":true,"href":"https:\/\/jeffersonisac.adv.br\/index.php\/wp-json\/wp\/v2\/comments?post=15830"}],"version-history":[{"count":0,"href":"https:\/\/jeffersonisac.adv.br\/index.php\/wp-json\/wp\/v2\/posts\/15830\/revisions"}],"wp:attachment":[{"href":"https:\/\/jeffersonisac.adv.br\/index.php\/wp-json\/wp\/v2\/media?parent=15830"}],"wp:term":[{"taxonomy":"category","embeddable":true,"href":"https:\/\/jeffersonisac.adv.br\/index.php\/wp-json\/wp\/v2\/categories?post=15830"},{"taxonomy":"post_tag","embeddable":true,"href":"https:\/\/jeffersonisac.adv.br\/index.php\/wp-json\/wp\/v2\/tags?post=15830"}],"curies":[{"name":"wp","href":"https:\/\/api.w.org\/{rel}","templated":true}]}}