{"id":15838,"date":"2026-03-24T19:26:59","date_gmt":"2026-03-24T22:26:59","guid":{"rendered":"https:\/\/jeffersonisac.adv.br\/index.php\/2026\/03\/24\/camara-aprova-projeto-que-cria-o-dia-nacional-do-concessionario-de-veiculos\/"},"modified":"2026-03-24T19:26:59","modified_gmt":"2026-03-24T22:26:59","slug":"camara-aprova-projeto-que-cria-o-dia-nacional-do-concessionario-de-veiculos","status":"publish","type":"post","link":"https:\/\/jeffersonisac.adv.br\/index.php\/2026\/03\/24\/camara-aprova-projeto-que-cria-o-dia-nacional-do-concessionario-de-veiculos\/","title":{"rendered":"C\u00e2mara aprova projeto que cria o Dia Nacional do Concession\u00e1rio de Ve\u00edculos"},"content":{"rendered":"<div class=\"image-container\">\n<div class=\"midia-creditos\"><em>Kayo Magalh\u00e3es\/C\u00e2mara dos Deputados<\/em><\/div>\n<div class=\"media-wrapper\"><\/div>\n<div class=\"midia-legenda\">Helena Lima, relatora do projeto<\/div>\n<\/div>\n<p>A C\u00e2mara dos Deputados aprovou projeto de lei que considera o dia 18 de mar\u00e7o o Dia Nacional do Concession\u00e1rio de Ve\u00edculos Automotores de Via Terrestre. A proposta ser\u00e1 enviada ao Senado.<\/p>\n<p>De autoria do deputado Isnaldo Bulh\u00f5es Jr. (MDB-AL), o Projeto de Lei 3675\/25 foi aprovado com parecer favor\u00e1vel da relatora, deputada Helena Lima (MDB-RR).<\/p>\n<p>O texto considera concession\u00e1rio a pessoa jur\u00eddica autorizada a comercializar ve\u00edculos automotores de via terrestre novos por meio de contrato de concess\u00e3o com as concedentes.<\/p>\n<p><strong>Impacto econ\u00f4mico<\/strong><br \/>\nSegundo o autor, 8.225 concession\u00e1rias est\u00e3o presentes em 951 munic\u00edpios brasileiros, gerando cerca de 370 mil empregos diretos, respondendo por cerca de 5,79% do Produto Interno Bruto (<span class=\"termoGlossario\">PIB<\/span>).<\/p>\n<p>\u201cElas s\u00e3o respons\u00e1veis por intermediar a venda de autom\u00f3veis, comerciais leves, caminh\u00f5es, \u00f4nibus, implementos rodovi\u00e1rios, motocicletas e m\u00e1quinas agr\u00edcolas, garantindo n\u00e3o apenas o acesso da popula\u00e7\u00e3o a esses bens, mas tamb\u00e9m assegurando servi\u00e7os de manuten\u00e7\u00e3o, garantia, pe\u00e7as e assist\u00eancia t\u00e9cnica\u201d, disse Bulh\u00f5es.<\/p>\n<p>A relatora, deputada Helena Lima, destacou que o concession\u00e1rio de ve\u00edculos desempenha um papel fundamental na cadeia log\u00edstica nacional, na forma\u00e7\u00e3o do PIB e na sustentabilidade econ\u00f4mica de v\u00e1rias localidades. &#8220;As concession\u00e1rias desempenham fun\u00e7\u00e3o estrat\u00e9gica ao intermediar interesses da ind\u00fastria, do com\u00e9rcio, dos servi\u00e7os e do consumidor final, assegurando padr\u00f5es de qualidade, seguran\u00e7a e atendimento previstos na legisla\u00e7\u00e3o&#8221;, disse.<\/p>\n<p>Para Helena Lima, a institui\u00e7\u00e3o de uma data contribui para fortalecer a imagem p\u00fablica desse segmento, valorizando trabalhadores, empresas e profissionais.<\/p>\n<p><a href=\"https:\/\/www.camara.leg.br\/noticias\/573454-SAIBA-MAIS-SOBRE-A-TRAMITACAO-DE-PROJETOS-DE-LEI\">Saiba mais sobre a tramita\u00e7\u00e3o de projetos de lei<\/a><\/p>","protected":false},"excerpt":{"rendered":"<p>Kayo Magalh\u00e3es\/C\u00e2mara dos Deputados Helena Lima, relatora do projeto A C\u00e2mara dos Deputados aprovou projeto de lei que considera o dia 18 de mar\u00e7o o Dia Nacional do Concession\u00e1rio de Ve\u00edculos Automotores de Via Terrestre. A proposta ser\u00e1 enviada ao Senado. De autoria do deputado Isnaldo Bulh\u00f5es Jr. (MDB-AL), o Projeto de Lei 3675\/25 foi [&hellip;]<\/p>\n","protected":false},"author":0,"featured_media":0,"comment_status":"open","ping_status":"open","sticky":false,"template":"","format":"standard","meta":{"footnotes":""},"categories":[1],"tags":[],"_links":{"self":[{"href":"https:\/\/jeffersonisac.adv.br\/index.php\/wp-json\/wp\/v2\/posts\/15838"}],"collection":[{"href":"https:\/\/jeffersonisac.adv.br\/index.php\/wp-json\/wp\/v2\/posts"}],"about":[{"href":"https:\/\/jeffersonisac.adv.br\/index.php\/wp-json\/wp\/v2\/types\/post"}],"replies":[{"embeddable":true,"href":"https:\/\/jeffersonisac.adv.br\/index.php\/wp-json\/wp\/v2\/comments?post=15838"}],"version-history":[{"count":0,"href":"https:\/\/jeffersonisac.adv.br\/index.php\/wp-json\/wp\/v2\/posts\/15838\/revisions"}],"wp:attachment":[{"href":"https:\/\/jeffersonisac.adv.br\/index.php\/wp-json\/wp\/v2\/media?parent=15838"}],"wp:term":[{"taxonomy":"category","embeddable":true,"href":"https:\/\/jeffersonisac.adv.br\/index.php\/wp-json\/wp\/v2\/categories?post=15838"},{"taxonomy":"post_tag","embeddable":true,"href":"https:\/\/jeffersonisac.adv.br\/index.php\/wp-json\/wp\/v2\/tags?post=15838"}],"curies":[{"name":"wp","href":"https:\/\/api.w.org\/{rel}","templated":true}]}}