{"id":15839,"date":"2026-03-24T19:26:59","date_gmt":"2026-03-24T22:26:59","guid":{"rendered":"https:\/\/jeffersonisac.adv.br\/index.php\/2026\/03\/24\/camara-aprova-projeto-que-cria-o-dia-nacional-em-memoria-das-vitimas-de-transito\/"},"modified":"2026-03-24T19:26:59","modified_gmt":"2026-03-24T22:26:59","slug":"camara-aprova-projeto-que-cria-o-dia-nacional-em-memoria-das-vitimas-de-transito","status":"publish","type":"post","link":"https:\/\/jeffersonisac.adv.br\/index.php\/2026\/03\/24\/camara-aprova-projeto-que-cria-o-dia-nacional-em-memoria-das-vitimas-de-transito\/","title":{"rendered":"C\u00e2mara aprova projeto que cria o Dia Nacional em Mem\u00f3ria das V\u00edtimas de Tr\u00e2nsito"},"content":{"rendered":"<div class=\"image-container\">\n<div class=\"midia-creditos\"><em>Kayo Magalh\u00e3es\/C\u00e2mara dos Deputados<\/em><\/div>\n<div class=\"media-wrapper\"><\/div>\n<div class=\"midia-legenda\">Helder Salom\u00e3o: data servir\u00e1 para refletir sobre as viol\u00eancias praticadas no tr\u00e2nsito<\/div>\n<\/div>\n<p>A C\u00e2mara dos Deputados aprovou projeto de lei que institui a data de 7 de maio como Dia Nacional em Mem\u00f3ria das V\u00edtimas de Tr\u00e2nsito. O projeto teve origem no Senado e seguir\u00e1 para san\u00e7\u00e3o presidencial.<\/p>\n<p>Nessa data, em 2009, ocorreu em Curitiba (PR) um crime de repercuss\u00e3o nacional. O ent\u00e3o deputado estadual Fernando Carli Filho, dirigindo embriagado, em excesso de velocidade e com a carteira de habilita\u00e7\u00e3o cassada, provocou um acidente que matou os jovens Gilmar Yared e Carlos Murilo de Almeida.<\/p>\n<p>Em 2018, Carli Filho foi condenado por j\u00fari popular a 9 anos e 4 meses de pris\u00e3o em regime fechado. A pena foi reduzida, ap\u00f3s recurso, para 7 anos e 4 meses em regime semiaberto. Em 2020, o ex-deputado obteve a progress\u00e3o para o regime aberto e sem tornozeleira eletr\u00f4nica. O caso foi considerado emblem\u00e1tico da impunidade nos crimes cometidos no tr\u00e2nsito.<\/p>\n<p><strong>Viol\u00eancia no tr\u00e2nsito<\/strong><br \/>\nA cria\u00e7\u00e3o da data consta do Projeto de Lei 5189\/19, do senador Fabiano Contarato (PT-ES), aprovado no Plen\u00e1rio da C\u00e2mara nesta ter\u00e7a-feira (24).<\/p>\n<p>O deputado Helder Salom\u00e3o (PT-ES) destacou que Contarato atuou muitos anos como delegado especializado em acidentes de tr\u00e2nsito e tem v\u00e1rios projetos sobre o tema. &#8220;Aqui ele homenageia e cria o dia para que reflitamos sobre as viol\u00eancias praticadas no tr\u00e2nsito. Ainda tem muita gente praticando absurdos atr\u00e1s de um volante&#8221;, disse.<\/p>\n<p><a href=\"https:\/\/www.camara.leg.br\/noticias\/573454-SAIBA-MAIS-SOBRE-A-TRAMITACAO-DE-PROJETOS-DE-LEI\">Saiba mais sobre a tramita\u00e7\u00e3o de projetos de lei<\/a><\/p>","protected":false},"excerpt":{"rendered":"<p>Kayo Magalh\u00e3es\/C\u00e2mara dos Deputados Helder Salom\u00e3o: data servir\u00e1 para refletir sobre as viol\u00eancias praticadas no tr\u00e2nsito A C\u00e2mara dos Deputados aprovou projeto de lei que institui a data de 7 de maio como Dia Nacional em Mem\u00f3ria das V\u00edtimas de Tr\u00e2nsito. O projeto teve origem no Senado e seguir\u00e1 para san\u00e7\u00e3o presidencial. Nessa data, em [&hellip;]<\/p>\n","protected":false},"author":0,"featured_media":0,"comment_status":"open","ping_status":"open","sticky":false,"template":"","format":"standard","meta":{"footnotes":""},"categories":[1],"tags":[],"_links":{"self":[{"href":"https:\/\/jeffersonisac.adv.br\/index.php\/wp-json\/wp\/v2\/posts\/15839"}],"collection":[{"href":"https:\/\/jeffersonisac.adv.br\/index.php\/wp-json\/wp\/v2\/posts"}],"about":[{"href":"https:\/\/jeffersonisac.adv.br\/index.php\/wp-json\/wp\/v2\/types\/post"}],"replies":[{"embeddable":true,"href":"https:\/\/jeffersonisac.adv.br\/index.php\/wp-json\/wp\/v2\/comments?post=15839"}],"version-history":[{"count":0,"href":"https:\/\/jeffersonisac.adv.br\/index.php\/wp-json\/wp\/v2\/posts\/15839\/revisions"}],"wp:attachment":[{"href":"https:\/\/jeffersonisac.adv.br\/index.php\/wp-json\/wp\/v2\/media?parent=15839"}],"wp:term":[{"taxonomy":"category","embeddable":true,"href":"https:\/\/jeffersonisac.adv.br\/index.php\/wp-json\/wp\/v2\/categories?post=15839"},{"taxonomy":"post_tag","embeddable":true,"href":"https:\/\/jeffersonisac.adv.br\/index.php\/wp-json\/wp\/v2\/tags?post=15839"}],"curies":[{"name":"wp","href":"https:\/\/api.w.org\/{rel}","templated":true}]}}