{"id":15841,"date":"2026-03-24T19:26:59","date_gmt":"2026-03-24T22:26:59","guid":{"rendered":"https:\/\/jeffersonisac.adv.br\/index.php\/2026\/03\/24\/camara-aprova-projeto-que-cria-cadastro-nacional-de-entidades-esportivas-condenadas-por-racismo\/"},"modified":"2026-03-24T19:26:59","modified_gmt":"2026-03-24T22:26:59","slug":"camara-aprova-projeto-que-cria-cadastro-nacional-de-entidades-esportivas-condenadas-por-racismo","status":"publish","type":"post","link":"https:\/\/jeffersonisac.adv.br\/index.php\/2026\/03\/24\/camara-aprova-projeto-que-cria-cadastro-nacional-de-entidades-esportivas-condenadas-por-racismo\/","title":{"rendered":"C\u00e2mara aprova projeto que cria cadastro nacional de entidades esportivas condenadas por racismo"},"content":{"rendered":"<div class=\"image-container\">\n<div class=\"midia-creditos\"><em>Kayo Magalh\u00e3es\/C\u00e2mara dos Deputados<\/em><\/div>\n<div class=\"media-wrapper\"><\/div>\n<div class=\"midia-legenda\">Alice Portugal, relatora do projeto<\/div>\n<\/div>\n<p>A C\u00e2mara dos Deputados aprovou projeto de lei que cria um cadastro nacional de entidades de pr\u00e1tica esportiva condenadas por racismo (lista suja do racismo no esporte). A proposta ser\u00e1 enviada ao Senado.<\/p>\n<p>De acordo com o texto aprovado, as entidades desportivas inscritas no cadastro n\u00e3o poder\u00e3o celebrar contrato com o poder p\u00fablico nem receber patroc\u00ednios p\u00fablicos, subven\u00e7\u00f5es ou benef\u00edcios fiscais. Isso inclui, por exemplo, recursos da loteria Timemania.<\/p>\n<p>De autoria do deputado Bandeira de Mello (PSB-RJ), o Projeto de Lei 1069\/25 foi aprovado com <span class=\"termoGlossario\">substitutivo<\/span> da Comiss\u00e3o do Esporte, elaborado pela deputada Laura Carneiro (PSD-RJ).<\/p>\n<p>A relatora em Plen\u00e1rio, deputada Alice Portugal (PCdoB-BA), afirmou que o projeto \u00e9 antirracista e est\u00e1 alinhado com os fundamentos da dignidade da pessoa humana e da igualdade estabelecidos na Constitui\u00e7\u00e3o Federal. &#8220;O mecanismo proposto encontra respaldo em pol\u00edticas p\u00fablicas voltadas \u00e0 promo\u00e7\u00e3o da igualdade e ao combate \u00e0 discrimina\u00e7\u00e3o&#8221;, afirmou.<\/p>\n<p>Alice Portugal explicou que a inser\u00e7\u00e3o de clubes na lista suja servir\u00e1 como &#8220;elemento educativo&#8221; para que realizem campanhas de preven\u00e7\u00e3o e educa\u00e7\u00e3o contra o racismo. Ela citou cr\u00edticas racistas contra o jogador Vini Jr., do time espanhol Real Madrid, para respaldar o projeto. &#8220;A lista suja do racismo no esporte \u00e9 algo que inova e d\u00e1 exemplo para o esporte em n\u00edvel internacional&#8221;, declarou.<\/p>\n<p>Segundo o projeto, o cadastro conter\u00e1 os nomes dos clubes condenados por atos racistas praticados por seus torcedores, atletas, membros de comiss\u00e3o t\u00e9cnica ou dirigentes durante eventos esportivos.<\/p>\n<p>A inclus\u00e3o dos clubes nessa lista ocorrer\u00e1 somente ap\u00f3s decis\u00e3o condenat\u00f3ria <span class=\"termoGlossario\">transitada em julgado<\/span> em processo judicial ou em decis\u00e3o da Justi\u00e7a Desportiva.<\/p>\n<p>Essa inscri\u00e7\u00e3o ficar\u00e1 ativa por dois anos, ap\u00f3s o que o clube ser\u00e1 automaticamente exclu\u00eddo do cadastro. A exclus\u00e3o poder\u00e1 acontecer antes se a entidade comprovar, perante o \u00f3rg\u00e3o gestor do cadastro, a realiza\u00e7\u00e3o de a\u00e7\u00f5es espec\u00edficas de combate \u00e0s condutas racistas em eventos esportivos, nos termos de um regulamento.<\/p>\n<p>Caso dentro dos dois anos da inscri\u00e7\u00e3o um novo epis\u00f3dio de racismo implicar outra condena\u00e7\u00e3o com tr\u00e2nsito em julgado, o clube ficar\u00e1 por mais dois anos no cadastro, contando-se o prazo a partir do fim do primeiro per\u00edodo.<\/p>\n<p><strong>Centraliza\u00e7\u00e3o<\/strong><br \/>\nOs \u00f3rg\u00e3os da Justi\u00e7a e da Justi\u00e7a Desportiva dever\u00e3o colaborar e prestar informa\u00e7\u00f5es para abastecer o cadastro. O gerenciamento ficar\u00e1 a cargo da autoridade federal competente pela \u00e1rea do esporte (atualmente o Minist\u00e9rio do Esporte), podendo firmar conv\u00eanios com outros \u00f3rg\u00e3os e entidades da administra\u00e7\u00e3o p\u00fablica de todos os entes federativos.<\/p>\n<p>O cadastro dever\u00e1 ainda divulgar dados atualizados sobre atos de racismo ocorridos em eventos esportivos no pa\u00eds.<\/p>\n<p><strong>Objetivos<\/strong><br \/>\nO projeto aprovado lista cinco objetivos da lista suja do racismo no esporte:<\/p>\n<p>promover a cultura de paz no esporte;<br \/>\ncoibir condutas racistas em eventos esportivos;<br \/>\ninduzir as organiza\u00e7\u00f5es esportivas a prevenir condutas racistas de seus torcedores;<br \/>\nincentivar a\u00e7\u00f5es educativas que contribuam para o enfrentamento ao racismo no esporte; e<br \/>\ntornar o Brasil refer\u00eancia no enfrentamento aos casos de racismo no esporte.<\/p>\n<p><strong>Debate em Plen\u00e1rio<\/strong><br \/>\nOs deputados Osmar Terra (PL-RS) e Luiz Lima (Novo-RJ) criticaram a possibilidade de a proposta incluir clube no cadastro por ato racista de torcedor. &#8220;Imagina uma pessoa, entre os 80 mil, e um ato de racismo, a equipe toda vai ser punida. N\u00e3o faz sentido&#8221;, disse Lima.<\/p>\n<p>Para Osmar Terra, o torcedor deve ser punido exemplarmente, mas n\u00e3o o clube.<\/p>\n<p>Na opini\u00e3o do deputado Patrus Ananias (PT-MG), h\u00e1 uma rela\u00e7\u00e3o direta entre equipe e torcedores. &#8220;As equipes de futebol dignas se responsabilizam por seus torcedores. O respons\u00e1vel \u00e9 o time de futebol&#8221;, declarou.<\/p>\n<p><a href=\"https:\/\/www.camara.leg.br\/noticias\/573454-SAIBA-MAIS-SOBRE-A-TRAMITACAO-DE-PROJETOS-DE-LEI\">Saiba mais sobre a tramita\u00e7\u00e3o de projetos de lei<\/a><\/p>","protected":false},"excerpt":{"rendered":"<p>Kayo Magalh\u00e3es\/C\u00e2mara dos Deputados Alice Portugal, relatora do projeto A C\u00e2mara dos Deputados aprovou projeto de lei que cria um cadastro nacional de entidades de pr\u00e1tica esportiva condenadas por racismo (lista suja do racismo no esporte). A proposta ser\u00e1 enviada ao Senado. De acordo com o texto aprovado, as entidades desportivas inscritas no cadastro n\u00e3o [&hellip;]<\/p>\n","protected":false},"author":0,"featured_media":0,"comment_status":"open","ping_status":"open","sticky":false,"template":"","format":"standard","meta":{"footnotes":""},"categories":[1],"tags":[],"_links":{"self":[{"href":"https:\/\/jeffersonisac.adv.br\/index.php\/wp-json\/wp\/v2\/posts\/15841"}],"collection":[{"href":"https:\/\/jeffersonisac.adv.br\/index.php\/wp-json\/wp\/v2\/posts"}],"about":[{"href":"https:\/\/jeffersonisac.adv.br\/index.php\/wp-json\/wp\/v2\/types\/post"}],"replies":[{"embeddable":true,"href":"https:\/\/jeffersonisac.adv.br\/index.php\/wp-json\/wp\/v2\/comments?post=15841"}],"version-history":[{"count":0,"href":"https:\/\/jeffersonisac.adv.br\/index.php\/wp-json\/wp\/v2\/posts\/15841\/revisions"}],"wp:attachment":[{"href":"https:\/\/jeffersonisac.adv.br\/index.php\/wp-json\/wp\/v2\/media?parent=15841"}],"wp:term":[{"taxonomy":"category","embeddable":true,"href":"https:\/\/jeffersonisac.adv.br\/index.php\/wp-json\/wp\/v2\/categories?post=15841"},{"taxonomy":"post_tag","embeddable":true,"href":"https:\/\/jeffersonisac.adv.br\/index.php\/wp-json\/wp\/v2\/tags?post=15841"}],"curies":[{"name":"wp","href":"https:\/\/api.w.org\/{rel}","templated":true}]}}