{"id":15846,"date":"2026-03-24T21:25:50","date_gmt":"2026-03-25T00:25:50","guid":{"rendered":"https:\/\/jeffersonisac.adv.br\/index.php\/2026\/03\/24\/comissao-debate-violencia-contra-mulheres-negras-e-indigenas\/"},"modified":"2026-03-24T21:25:50","modified_gmt":"2026-03-25T00:25:50","slug":"comissao-debate-violencia-contra-mulheres-negras-e-indigenas","status":"publish","type":"post","link":"https:\/\/jeffersonisac.adv.br\/index.php\/2026\/03\/24\/comissao-debate-violencia-contra-mulheres-negras-e-indigenas\/","title":{"rendered":"Comiss\u00e3o debate viol\u00eancia contra mulheres negras e ind\u00edgenas"},"content":{"rendered":"<div class=\"image-container\">\n<div class=\"midia-creditos\"><em>Vinicius Loures\/C\u00e2mara dos Deputados<\/em><\/div>\n<div class=\"media-wrapper\"><\/div>\n<div class=\"midia-legenda\">Luizianne Lins, presidente da comiss\u00e3o<\/div>\n<\/div>\n<p>A Comiss\u00e3o Mista de Combate \u00e0 Viol\u00eancia contra a Mulher promove, nesta quarta-feira (25), audi\u00eancia p\u00fablica para discutir a viol\u00eancia contra mulheres negras e ind\u00edgenas, com foco na interseccionalidade da opress\u00e3o e na necessidade de pol\u00edticas p\u00fablicas espec\u00edficas.<\/p>\n<p>O debate ser\u00e1 realizado \u00e0s 14 horas na ala Senador Nilo Coelho, plen\u00e1rio 6, no Senado Federal.<\/p>\n<p><a href=\"https:\/\/www12.senado.leg.br\/ecidadania\/visualizacaoaudiencia?id=38207\">Veja quem foi convidado para o debate e envie suas perguntas<\/a><\/p>\n<p>O debate atende a pedido da deputada Luizianne Lins (PT-CE), presidente da comiss\u00e3o. Segundo a parlamentar, os dados de viol\u00eancia de g\u00eanero mostram que mulheres negras e ind\u00edgenas s\u00e3o as mais vulner\u00e1veis, pois sofrem com a sobreposi\u00e7\u00e3o do machismo e do racismo estrutural. O objetivo da audi\u00eancia \u00e9 identificar lacunas nas pol\u00edticas atuais e propor a\u00e7\u00f5es que reconhe\u00e7am e combatam a viol\u00eancia sob a \u00f3tica da interseccionalidade.<\/p>\n<p>Luizianne Lins ressalta que o Atlas da Viol\u00eancia 2024 aponta que a taxa de homic\u00eddios de mulheres negras \u00e9 substancialmente superior \u00e0 de mulheres n\u00e3o negras, o que evidencia a seletividade da viol\u00eancia e a necessidade de respostas espec\u00edficas do poder p\u00fablico.<\/p>\n<p>\u201cA an\u00e1lise dos dados de viol\u00eancia letal no Brasil revela uma face cruel da seletividade da prote\u00e7\u00e3o estatal: enquanto as taxas de homic\u00eddio de mulheres n\u00e3o negras apresentam tend\u00eancias de estabilidade ou queda, os \u00edndices entre mulheres negras e ind\u00edgenas seguem em trajet\u00f3ria ascendente\u201d, afirma.<\/p>","protected":false},"excerpt":{"rendered":"<p>Vinicius Loures\/C\u00e2mara dos Deputados Luizianne Lins, presidente da comiss\u00e3o A Comiss\u00e3o Mista de Combate \u00e0 Viol\u00eancia contra a Mulher promove, nesta quarta-feira (25), audi\u00eancia p\u00fablica para discutir a viol\u00eancia contra mulheres negras e ind\u00edgenas, com foco na interseccionalidade da opress\u00e3o e na necessidade de pol\u00edticas p\u00fablicas espec\u00edficas. O debate ser\u00e1 realizado \u00e0s 14 horas na [&hellip;]<\/p>\n","protected":false},"author":0,"featured_media":0,"comment_status":"open","ping_status":"open","sticky":false,"template":"","format":"standard","meta":{"footnotes":""},"categories":[1],"tags":[],"_links":{"self":[{"href":"https:\/\/jeffersonisac.adv.br\/index.php\/wp-json\/wp\/v2\/posts\/15846"}],"collection":[{"href":"https:\/\/jeffersonisac.adv.br\/index.php\/wp-json\/wp\/v2\/posts"}],"about":[{"href":"https:\/\/jeffersonisac.adv.br\/index.php\/wp-json\/wp\/v2\/types\/post"}],"replies":[{"embeddable":true,"href":"https:\/\/jeffersonisac.adv.br\/index.php\/wp-json\/wp\/v2\/comments?post=15846"}],"version-history":[{"count":0,"href":"https:\/\/jeffersonisac.adv.br\/index.php\/wp-json\/wp\/v2\/posts\/15846\/revisions"}],"wp:attachment":[{"href":"https:\/\/jeffersonisac.adv.br\/index.php\/wp-json\/wp\/v2\/media?parent=15846"}],"wp:term":[{"taxonomy":"category","embeddable":true,"href":"https:\/\/jeffersonisac.adv.br\/index.php\/wp-json\/wp\/v2\/categories?post=15846"},{"taxonomy":"post_tag","embeddable":true,"href":"https:\/\/jeffersonisac.adv.br\/index.php\/wp-json\/wp\/v2\/tags?post=15846"}],"curies":[{"name":"wp","href":"https:\/\/api.w.org\/{rel}","templated":true}]}}