{"id":15847,"date":"2026-03-25T09:28:23","date_gmt":"2026-03-25T12:28:23","guid":{"rendered":"https:\/\/jeffersonisac.adv.br\/index.php\/2026\/03\/25\/deputado-apoia-medidas-do-governo-para-conter-precos-do-diesel-veja-a-entrevista\/"},"modified":"2026-03-25T09:28:23","modified_gmt":"2026-03-25T12:28:23","slug":"deputado-apoia-medidas-do-governo-para-conter-precos-do-diesel-veja-a-entrevista","status":"publish","type":"post","link":"https:\/\/jeffersonisac.adv.br\/index.php\/2026\/03\/25\/deputado-apoia-medidas-do-governo-para-conter-precos-do-diesel-veja-a-entrevista\/","title":{"rendered":"Deputado apoia medidas do governo para conter pre\u00e7os do diesel; veja a entrevista"},"content":{"rendered":"<div class=\"video-container youtube youtube-100\">\n<div class=\"midia-creditos\"><em>YouTube<\/em><\/div>\n\n<div class=\"midia-legenda\"><\/div>\n<\/div>\n<p>\u00a0<\/p>\n<p>Vice-presidente da <span class=\"termoGlossario\">Frente Parlamentar<\/span> da Agropecu\u00e1ria, o deputado Arnaldo Jardim (Cidadania-SP) disse que o grupo apoia as medidas anunciadas pelo governo federal para conter os impactos da guerra no Oriente M\u00e9dio sobre o pre\u00e7o do petr\u00f3leo e defendeu a participa\u00e7\u00e3o dos estados nas a\u00e7\u00f5es.<\/p>\n<p>Entre as medidas anunciadas pelo governo federal, est\u00e3o:<\/p>\n<p>a isen\u00e7\u00e3o de <span class=\"termoGlossario\">PIS<\/span>\/<span class=\"termoGlossario\">Cofins<\/span> sobre o diesel;<br \/>\na subven\u00e7\u00e3o a produtores e importadores do combust\u00edvel; e<br \/>\na amplia\u00e7\u00e3o da fiscaliza\u00e7\u00e3o sobre o piso m\u00ednimo do frete rodovi\u00e1rio.<\/p>\n<p>Jardim falou \u00e0 <em>R\u00e1dio C\u00e2mara<\/em>\u00a0nesta ter\u00e7a-feira (24).<\/p>\n<p><a href=\"https:\/\/www.camara.leg.br\/midias-fs\/audio\/2026\/03\/20260324-painel-eletronico-dep-arnaldo-jardim.mp3\">Ou\u00e7a a \u00edntegra da entrevista de Arnaldo Jardim \u00e0 <em>R\u00e1dio C\u00e2mara<\/em><\/a><\/p>\n<p>\u201cN\u00f3s estamos apoiando as medidas anunciadas pelo governo de controle da tabela do frete. H\u00e1 uma tabela, e ela n\u00e3o tem sido respeitada; o valor tem sido praticado muito acima do que ela precisa&#8221;, afirmou.<\/p>\n<p>&#8220;Apoiamos a medida de retirada de impostos para conter a alta do diesel. Por outro lado, queremos tamb\u00e9m que os governos estaduais participem disso&#8221;, cobrou Jardim.<\/p>\n<p>Ele criticou distribuidoras e postos que manipularam estoques e for\u00e7aram a alta de pre\u00e7os quando a guerra estava s\u00f3 come\u00e7ando.<\/p>\n<p>Diesel importado<br \/>\nDesde o in\u00edcio da guerra dos Estados Unidos e Israel contra o Ir\u00e3, o barril do petr\u00f3leo passou de cerca de US$ 70 para mais de US$ 100.<\/p>\n<p>Apesar de ser produtor de petr\u00f3leo, o Brasil n\u00e3o tem capacidade para refinar toda a produ\u00e7\u00e3o e precisa importar diesel.<\/p>\n<p>Segundo Arnaldo Jardim, o pa\u00eds importa de 25% a 28% do diesel consumido. O combust\u00edvel \u00e9 usado em caminh\u00f5es, \u00f4nibus e m\u00e1quinas agr\u00edcolas, sendo pe\u00e7a fundamental no transporte de mercadorias e pessoas.<\/p>\n<p><strong>Biodiesel<\/strong><br \/>\nOutro caminho importante na conten\u00e7\u00e3o dos efeitos do pre\u00e7o do diesel, na avalia\u00e7\u00e3o de Arnaldo Jardim, \u00e9 a amplia\u00e7\u00e3o do percentual de biodiesel no combust\u00edvel comercializado no Brasil.<\/p>\n<p>O deputado foi relator da proposta que deu origem \u00e0 lei do combust\u00edvel do futuro (<a class=\"linkLegislacao\" href=\"https:\/\/www2.camara.gov.br\/legin\/fed\/lei\/2024\/lei-14993-8-outubro-2024-796443-norma-pl.html\">Lei 14.993\/24<\/a>). Pelas regras, at\u00e9 2030, o biodiesel deve chegar a 20% do diesel. Atualmente, est\u00e1 em 15%, mas, segundo Jardim, h\u00e1 condi\u00e7\u00f5es de chegar a 17% j\u00e1 neste ano.<\/p>\n<p><a href=\"https:\/\/www.camara.leg.br\/noticias\/1101627-ENTRA-EM-VIGOR-A-LEI-DO-COMBUSTIVEL-DO-FUTURO\">Entra em vigor a &#8220;Lei do Combust\u00edvel do Futuro&#8221;<\/a><\/p>\n<p>\u201cHoje n\u00f3s praticamos a mistura do diesel em 15%. Havia a possibilidade de previs\u00e3o na lei de que isso poderia evoluir para 16% [neste ano]. Mas achamos que os testes j\u00e1 realizados nos d\u00e3o conforto por parte de todo o setor de motores com rela\u00e7\u00e3o a isso. N\u00f3s queremos ir a 17%\u201d, afirmou.<\/p>\n<p>Arnaldo Jardim explicou que o biodiesel pode conter os pre\u00e7os do combust\u00edvel e reduzir o risco de desabastecimento.<\/p>\n<p>&#8220;[Defendemos] que o Conselho Nacional de Pol\u00edtica Energ\u00e9tica aprove a mistura de 17% para o biodiesel. E como o impacto \u00e9 tamb\u00e9m no pre\u00e7o da gasolina, n\u00f3s queremos aumentar a mistura de etanol. Estamos em 30% da mistura; temos produ\u00e7\u00e3o suficiente para avan\u00e7armos j\u00e1 imediatamente com o estoque que se tem para 32%\u201d, acrescentou.<\/p>\n<p><strong>Fertilizantes<br \/>\n<\/strong>O vice-presidente da Frente da Agropecu\u00e1ria tamb\u00e9m lembrou que a guerra impacta a produ\u00e7\u00e3o de fertilizantes. Ele destacou que 23% da ureia usada no pa\u00eds v\u00eam do Ir\u00e3 e 16% de Om\u00e3, afetado pelo conflito no Oriente M\u00e9dio.<\/p>\n<p>Arnaldo Jardim disse ainda que conversou com o novo ministro da Fazenda, Dario Durigan, sobre a necessidade de retomar um plano nacional de fornecimento de fertilizantes.<\/p>","protected":false},"excerpt":{"rendered":"<p>YouTube \u00a0 Vice-presidente da Frente Parlamentar da Agropecu\u00e1ria, o deputado Arnaldo Jardim (Cidadania-SP) disse que o grupo apoia as medidas anunciadas pelo governo federal para conter os impactos da guerra no Oriente M\u00e9dio sobre o pre\u00e7o do petr\u00f3leo e defendeu a participa\u00e7\u00e3o dos estados nas a\u00e7\u00f5es. Entre as medidas anunciadas pelo governo federal, est\u00e3o: a [&hellip;]<\/p>\n","protected":false},"author":0,"featured_media":0,"comment_status":"open","ping_status":"open","sticky":false,"template":"","format":"standard","meta":{"footnotes":""},"categories":[1],"tags":[],"_links":{"self":[{"href":"https:\/\/jeffersonisac.adv.br\/index.php\/wp-json\/wp\/v2\/posts\/15847"}],"collection":[{"href":"https:\/\/jeffersonisac.adv.br\/index.php\/wp-json\/wp\/v2\/posts"}],"about":[{"href":"https:\/\/jeffersonisac.adv.br\/index.php\/wp-json\/wp\/v2\/types\/post"}],"replies":[{"embeddable":true,"href":"https:\/\/jeffersonisac.adv.br\/index.php\/wp-json\/wp\/v2\/comments?post=15847"}],"version-history":[{"count":0,"href":"https:\/\/jeffersonisac.adv.br\/index.php\/wp-json\/wp\/v2\/posts\/15847\/revisions"}],"wp:attachment":[{"href":"https:\/\/jeffersonisac.adv.br\/index.php\/wp-json\/wp\/v2\/media?parent=15847"}],"wp:term":[{"taxonomy":"category","embeddable":true,"href":"https:\/\/jeffersonisac.adv.br\/index.php\/wp-json\/wp\/v2\/categories?post=15847"},{"taxonomy":"post_tag","embeddable":true,"href":"https:\/\/jeffersonisac.adv.br\/index.php\/wp-json\/wp\/v2\/tags?post=15847"}],"curies":[{"name":"wp","href":"https:\/\/api.w.org\/{rel}","templated":true}]}}