{"id":15848,"date":"2026-03-25T09:28:23","date_gmt":"2026-03-25T12:28:23","guid":{"rendered":"https:\/\/jeffersonisac.adv.br\/index.php\/2026\/03\/25\/camara-pode-votar-projeto-que-preve-quebra-de-sigilo-bancario-para-fixar-pensao-alimenticia-2\/"},"modified":"2026-03-25T09:28:23","modified_gmt":"2026-03-25T12:28:23","slug":"camara-pode-votar-projeto-que-preve-quebra-de-sigilo-bancario-para-fixar-pensao-alimenticia-2","status":"publish","type":"post","link":"https:\/\/jeffersonisac.adv.br\/index.php\/2026\/03\/25\/camara-pode-votar-projeto-que-preve-quebra-de-sigilo-bancario-para-fixar-pensao-alimenticia-2\/","title":{"rendered":"C\u00e2mara pode votar projeto que prev\u00ea quebra de sigilo banc\u00e1rio para fixar pens\u00e3o aliment\u00edcia"},"content":{"rendered":"<div class=\"image-container\">\n<div class=\"midia-creditos\"><em>Kayo Magalh\u00e3es \/ C\u00e2mara dos Deputados<\/em><\/div>\n<div class=\"media-wrapper\"><\/div>\n<div class=\"midia-legenda\">Plen\u00e1rio durante Sess\u00e3o Deliberativa<\/div>\n<\/div>\n<p>O Plen\u00e1rio da C\u00e2mara dos Deputados pode votar, nesta quarta-feira (25), projeto de lei que permite a quebra de sigilo banc\u00e1rio e fiscal para definir ou revisar pens\u00e3o aliment\u00edcia. A inten\u00e7\u00e3o \u00e9 obter informa\u00e7\u00f5es quando os dados apresentados por quem paga a pens\u00e3o forem insuficientes para calcular ou revisar o valor. Ser\u00e1 poss\u00edvel quebrar o sigilo ainda quando houver ind\u00edcios de oculta\u00e7\u00e3o de renda ou patrim\u00f4nio.<\/p>\n<p>De autoria do deputado Jos\u00e9 Guimar\u00e3es (PT-CE), o <a href=\"https:\/\/www.camara.leg.br\/noticias\/1209825-COMISSAO-APROVA-PROJETO-QUE-AUTORIZA-QUEBRA-DE-SIGILO-PARA-EVITAR-FRAUDE-EM-PENSAO-ALIMENTICIA\">Projeto de Lei 1404\/25<\/a> conta com <span class=\"termoGlossario\">substitutivo<\/span> aprovado na Comiss\u00e3o de Previd\u00eancia, Assist\u00eancia Social, Inf\u00e2ncia, Adolesc\u00eancia e Fam\u00edlia.<\/p>\n<p>A reuni\u00e3o do Plen\u00e1rio est\u00e1 agendada para as 13h55.<\/p>\n<p><a href=\"https:\/\/www.camara.leg.br\/evento-legislativo\/81424\">Veja a pauta<\/a><\/p>\n<p><strong>Gestante em concurso<\/strong><br \/>\nOutra proposta em pauta \u00e9 \u00a0o projeto de lei 1054\/19, do Senado, que garante prova em segunda chamada para gestante, parturiente ou pu\u00e9rpera inscrita em concurso p\u00fablico para cargos e empregos da administra\u00e7\u00e3o p\u00fablica direta e indireta da Uni\u00e3o.<\/p>\n<p><a href=\"https:\/\/www.camara.leg.br\/noticias\/1063033-PROJETO-APROVADO-REGULAMENTA-APLICACAO-DE-PROVA-EM-SEGUNDA-CHAMADA-PARA-GESTANTE-EM-CONCURSO-PUBLICO\">De acordo com o substitutivo da Comiss\u00e3o de Defesa dos Direitos da Mulher<\/a>, elaborado pela deputada Laura Carneiro (PSD-RJ), a candidata dever\u00e1 comprovar, com documento m\u00e9dico, que n\u00e3o p\u00f4de comparecer na data da prova. A comprova\u00e7\u00e3o dever\u00e1 ser apresentada antes da aplica\u00e7\u00e3o do exame ou logo depois.<\/p>\n<p>O exerc\u00edcio do direito independe da data da gravidez, se pr\u00e9via ou posterior \u00e0 data de inscri\u00e7\u00e3o no concurso; do tempo de gravidez; ou de previs\u00e3o expressa no edital do concurso.<\/p>\n<p><strong>Mais propostas<br \/>\n<\/strong><\/p>\n<p><a class=\"linkProposicao\" href=\"https:\/\/www.camara.leg.br\/noticias\/562502-projeto-exige-certidao-de-apropriacao-indebita-para-emissao-de-registro-veicular\">PL 2736\/19<\/a>, do deputado Juninho do Pneu (Uni\u00e3o-RJ), que exige certid\u00e3o negativa de crimes de estelionato e apropria\u00e7\u00e3o ind\u00e9bita para a transfer\u00eancia de ve\u00edculo.<br \/>\nPL 5405\/25, da deputada Greyce Elias (Avante-MG), que estabelece o dia 21 de setembro como o Dia da Autoestima da Mulher Brasileira.<br \/>\nPL 6359\/25, do Superior Tribunal de Justi\u00e7a, que cria duas varas federais no Amazonas e seis no Mato Grosso do Sul.<br \/>\nPL 6483\/25, do deputado Lucas Abrahao (Rede-AP), que cria um programa para gest\u00e3o de milhas a\u00e9reas acumuladas por \u00f3rg\u00e3os p\u00fablicos.<\/p>","protected":false},"excerpt":{"rendered":"<p>Kayo Magalh\u00e3es \/ C\u00e2mara dos Deputados Plen\u00e1rio durante Sess\u00e3o Deliberativa O Plen\u00e1rio da C\u00e2mara dos Deputados pode votar, nesta quarta-feira (25), projeto de lei que permite a quebra de sigilo banc\u00e1rio e fiscal para definir ou revisar pens\u00e3o aliment\u00edcia. A inten\u00e7\u00e3o \u00e9 obter informa\u00e7\u00f5es quando os dados apresentados por quem paga a pens\u00e3o forem insuficientes [&hellip;]<\/p>\n","protected":false},"author":0,"featured_media":0,"comment_status":"open","ping_status":"open","sticky":false,"template":"","format":"standard","meta":{"footnotes":""},"categories":[1],"tags":[],"_links":{"self":[{"href":"https:\/\/jeffersonisac.adv.br\/index.php\/wp-json\/wp\/v2\/posts\/15848"}],"collection":[{"href":"https:\/\/jeffersonisac.adv.br\/index.php\/wp-json\/wp\/v2\/posts"}],"about":[{"href":"https:\/\/jeffersonisac.adv.br\/index.php\/wp-json\/wp\/v2\/types\/post"}],"replies":[{"embeddable":true,"href":"https:\/\/jeffersonisac.adv.br\/index.php\/wp-json\/wp\/v2\/comments?post=15848"}],"version-history":[{"count":0,"href":"https:\/\/jeffersonisac.adv.br\/index.php\/wp-json\/wp\/v2\/posts\/15848\/revisions"}],"wp:attachment":[{"href":"https:\/\/jeffersonisac.adv.br\/index.php\/wp-json\/wp\/v2\/media?parent=15848"}],"wp:term":[{"taxonomy":"category","embeddable":true,"href":"https:\/\/jeffersonisac.adv.br\/index.php\/wp-json\/wp\/v2\/categories?post=15848"},{"taxonomy":"post_tag","embeddable":true,"href":"https:\/\/jeffersonisac.adv.br\/index.php\/wp-json\/wp\/v2\/tags?post=15848"}],"curies":[{"name":"wp","href":"https:\/\/api.w.org\/{rel}","templated":true}]}}