{"id":15851,"date":"2026-03-25T12:28:29","date_gmt":"2026-03-25T15:28:29","guid":{"rendered":"https:\/\/jeffersonisac.adv.br\/index.php\/2026\/03\/25\/comissao-aprova-projeto-que-garante-lazer-inclusivo-para-criancas-com-deficiencia\/"},"modified":"2026-03-25T12:28:29","modified_gmt":"2026-03-25T15:28:29","slug":"comissao-aprova-projeto-que-garante-lazer-inclusivo-para-criancas-com-deficiencia","status":"publish","type":"post","link":"https:\/\/jeffersonisac.adv.br\/index.php\/2026\/03\/25\/comissao-aprova-projeto-que-garante-lazer-inclusivo-para-criancas-com-deficiencia\/","title":{"rendered":"Comiss\u00e3o aprova projeto que garante lazer inclusivo para crian\u00e7as com defici\u00eancia"},"content":{"rendered":"<div class=\"image-container\">\n<div class=\"midia-creditos\"><em>Vinicius Loures\/C\u00e2mara dos Deputados<\/em><\/div>\n<div class=\"media-wrapper\"><\/div>\n<div class=\"midia-legenda\">Laura Carneiro recomendou a aprova\u00e7\u00e3o da proposta<\/div>\n<\/div>\n<p>A Comiss\u00e3o de Previd\u00eancia, Assist\u00eancia Social, Inf\u00e2ncia, Adolesc\u00eancia e Fam\u00edlia da C\u00e2mara dos Deputados aprovou projeto de lei que altera o <a href=\"https:\/\/www2.camara.leg.br\/legin\/fed\/lei\/1990\/lei-8069-13-julho-1990-372211-norma-pl.html\">Estatuto da Crian\u00e7a e do Adolescente<\/a>\u00a0para garantir o direito ao lazer inclusivo, adaptado e acess\u00edvel para crian\u00e7as e adolescentes com defici\u00eancia.<\/p>\n<p>O texto aprovado foi o <span class=\"termoGlossario\">substitutivo<\/span> da relatora, deputada Laura Carneiro (PSD-RJ), ao <a class=\"linkProposicao\" href=\"https:\/\/www.camara.leg.br\/noticias\/1136370-projeto-obriga-governos-a-oferecer-espacos-adaptados-para-lazer-de-criancas-com-deficiencia\">PL 4305\/24<\/a>, da deputada licenciada Fernanda Pessoa (Uni\u00e3o-CE). A nova reda\u00e7\u00e3o mant\u00e9m o objetivo da proposta original, mas faz ajustes t\u00e9cnicos, como a corre\u00e7\u00e3o da numera\u00e7\u00e3o de par\u00e1grafos.<\/p>\n<p><strong>Diretrizes<\/strong><br \/>\nA proposta estabelece que o poder p\u00fablico dever\u00e1 promover o lazer por meio de pol\u00edticas que garantam a inclus\u00e3o em atividades recreativas, culturais e esportivas. Para isso, dever\u00e3o ser oferecidos:<\/p>\n<p>espa\u00e7os adaptados e equipamentos acess\u00edveis, como <em>playgrounds<\/em> inclusivos em parques e escolas;<br \/>\ncapacita\u00e7\u00e3o de profissionais que atuam nos setores de lazer, esporte e cultura para o atendimento inclusivo; e<br \/>\nsinaliza\u00e7\u00e3o t\u00e1til e recursos de tecnologia assistiva em espa\u00e7os de conviv\u00eancia.<\/p>\n<p>O texto tamb\u00e9m prev\u00ea a cria\u00e7\u00e3o de programas de apoio \u00e0s fam\u00edlias para incentivar a participa\u00e7\u00e3o conjunta em atividades de lazer, visando ao bem-estar tanto dos jovens com defici\u00eancia quanto de seus familiares.<\/p>\n<p><strong>Justi\u00e7a<\/strong><br \/>\nA relatora destacou que, embora a Constitui\u00e7\u00e3o Federal preveja o lazer como um direito priorit\u00e1rio, a falta de infraestrutura ainda exclui muitas crian\u00e7as com defici\u00eancia da vida social.<\/p>\n<p>\u201cAo estabelecer que o poder p\u00fablico promova pol\u00edticas voltadas ao lazer inclusivo, o projeto contribui para a constru\u00e7\u00e3o de uma sociedade mais justa e igualit\u00e1ria\u201d, afirmou.<\/p>\n<p><strong>Pr\u00f3ximos passos<\/strong><br \/>\nO projeto tramita em <span class=\"termoGlossario\">car\u00e1ter conclusivo<\/span> e ainda ser\u00e1 analisado pelas comiss\u00f5es de Defesa dos Direitos das Pessoas com Defici\u00eancia; de Finan\u00e7as e Tributa\u00e7\u00e3o; e de Constitui\u00e7\u00e3o e Justi\u00e7a e de Cidadania.<\/p>\n<p>Para virar lei, precisa ser aprovado pelos deputados e pelos senadores e sancionado pela Presid\u00eancia da Rep\u00fablica.<\/p>\n<p><a href=\"https:\/\/www.camara.leg.br\/noticias\/573454-SAIBA-MAIS-SOBRE-A-TRAMITACAO-DE-PROJETOS-DE-LEI\">Saiba mais sobre a tramita\u00e7\u00e3o de projetos de lei<\/a><\/p>","protected":false},"excerpt":{"rendered":"<p>Vinicius Loures\/C\u00e2mara dos Deputados Laura Carneiro recomendou a aprova\u00e7\u00e3o da proposta A Comiss\u00e3o de Previd\u00eancia, Assist\u00eancia Social, Inf\u00e2ncia, Adolesc\u00eancia e Fam\u00edlia da C\u00e2mara dos Deputados aprovou projeto de lei que altera o Estatuto da Crian\u00e7a e do Adolescente\u00a0para garantir o direito ao lazer inclusivo, adaptado e acess\u00edvel para crian\u00e7as e adolescentes com defici\u00eancia. O texto [&hellip;]<\/p>\n","protected":false},"author":0,"featured_media":0,"comment_status":"open","ping_status":"open","sticky":false,"template":"","format":"standard","meta":{"footnotes":""},"categories":[1],"tags":[],"_links":{"self":[{"href":"https:\/\/jeffersonisac.adv.br\/index.php\/wp-json\/wp\/v2\/posts\/15851"}],"collection":[{"href":"https:\/\/jeffersonisac.adv.br\/index.php\/wp-json\/wp\/v2\/posts"}],"about":[{"href":"https:\/\/jeffersonisac.adv.br\/index.php\/wp-json\/wp\/v2\/types\/post"}],"replies":[{"embeddable":true,"href":"https:\/\/jeffersonisac.adv.br\/index.php\/wp-json\/wp\/v2\/comments?post=15851"}],"version-history":[{"count":0,"href":"https:\/\/jeffersonisac.adv.br\/index.php\/wp-json\/wp\/v2\/posts\/15851\/revisions"}],"wp:attachment":[{"href":"https:\/\/jeffersonisac.adv.br\/index.php\/wp-json\/wp\/v2\/media?parent=15851"}],"wp:term":[{"taxonomy":"category","embeddable":true,"href":"https:\/\/jeffersonisac.adv.br\/index.php\/wp-json\/wp\/v2\/categories?post=15851"},{"taxonomy":"post_tag","embeddable":true,"href":"https:\/\/jeffersonisac.adv.br\/index.php\/wp-json\/wp\/v2\/tags?post=15851"}],"curies":[{"name":"wp","href":"https:\/\/api.w.org\/{rel}","templated":true}]}}