{"id":15852,"date":"2026-03-25T12:28:29","date_gmt":"2026-03-25T15:28:29","guid":{"rendered":"https:\/\/jeffersonisac.adv.br\/index.php\/2026\/03\/25\/comissao-pode-votar-hoje-medida-provisoria-que-reajusta-salarios-de-policiais-e-bombeiros-do-df\/"},"modified":"2026-03-25T12:28:29","modified_gmt":"2026-03-25T15:28:29","slug":"comissao-pode-votar-hoje-medida-provisoria-que-reajusta-salarios-de-policiais-e-bombeiros-do-df","status":"publish","type":"post","link":"https:\/\/jeffersonisac.adv.br\/index.php\/2026\/03\/25\/comissao-pode-votar-hoje-medida-provisoria-que-reajusta-salarios-de-policiais-e-bombeiros-do-df\/","title":{"rendered":"Comiss\u00e3o pode votar hoje medida provis\u00f3ria que reajusta sal\u00e1rios de policiais e bombeiros do DF"},"content":{"rendered":"<div class=\"image-container\">\n<div class=\"midia-creditos\"><em>Bruno Spada \/ C\u00e2mara dos Deputados<\/em><\/div>\n<div class=\"media-wrapper\"><\/div>\n<div class=\"midia-legenda\">Rafael Prudente \u00e9 o relator da MP<\/div>\n<\/div>\n<p>A <span class=\"termoGlossario\">comiss\u00e3o mista<\/span> da <a href=\"https:\/\/www.camara.leg.br\/noticias\/1228737-medida-provisoria-reajusta-remuneracao-das-policias-civil-e-militar-e-dos-bombeiros-do-df\/\">Medida Provis\u00f3ria 1326\/25<\/a> re\u00fane-se nesta quarta-feira (25) para discutir o parecer do relator, Rafael Prudente (MDB-DF).<\/p>\n<p>A MP reajustou a remunera\u00e7\u00e3o da Pol\u00edcia Civil, da Pol\u00edcia Militar e do Corpo de Bombeiros Militar do Distrito Federal, em duas parcelas. O aumento vale tamb\u00e9m para as corpora\u00e7\u00f5es dos extintos territ\u00f3rios federais.<\/p>\n<p><a href=\"https:\/\/legis.senado.leg.br\/atividade\/comissoes\/comissao\/2824\/reuniao\/14543\">Confira a \u00edntegra da pauta<\/a><\/p>\n<p>A reuni\u00e3o ser\u00e1 realizada no plen\u00e1rio 2 da ala Nilo Coelho, no Senado, \u00e0s 14h30.<\/p>\n<p><strong>Sobre a MP<\/strong><br \/>\nPublicada em 1\u00ba de dezembro de 2025, a MP 1326\/25 precisa ser aprovada pela comiss\u00e3o mista e, depois, pelos plen\u00e1rios da C\u00e2mara dos Deputados e do Senado Federal para se tornar lei e ter car\u00e1ter permanente.<\/p>\n<p><a href=\"https:\/\/www.camara.leg.br\/noticias\/573452-saiba-mais-sobre-a-tramitacao-de-mps\/\">Saiba mais sobre a tramita\u00e7\u00e3o de medidas provis\u00f3rias\u00a0<\/a><\/p>\n<p>Para a PM e os bombeiros do DF, o aumento acumulado varia entre 19,6% e 28,4%. Nos ex-territ\u00f3rios, o reajuste \u00e9 de 24,32%, dividido em duas parcelas de 11,5%. J\u00e1 na Pol\u00edcia Civil do DF, os percentuais variam entre 24,43% e 27,27%, tamb\u00e9m em duas etapas.<\/p>\n<p>A MP tamb\u00e9m atualiza o aux\u00edlio-moradia das categorias, com aumento de 11,5% em cada parcela. Para viabilizar esse reajuste, a proposta prev\u00ea a extin\u00e7\u00e3o de 344 cargos efetivos vagos no Minist\u00e9rio da Gest\u00e3o (MGI).<\/p>\n<p>As demais despesas ser\u00e3o custeadas pelo Fundo Constitucional do Distrito Federal.<\/p>","protected":false},"excerpt":{"rendered":"<p>Bruno Spada \/ C\u00e2mara dos Deputados Rafael Prudente \u00e9 o relator da MP A comiss\u00e3o mista da Medida Provis\u00f3ria 1326\/25 re\u00fane-se nesta quarta-feira (25) para discutir o parecer do relator, Rafael Prudente (MDB-DF). A MP reajustou a remunera\u00e7\u00e3o da Pol\u00edcia Civil, da Pol\u00edcia Militar e do Corpo de Bombeiros Militar do Distrito Federal, em duas [&hellip;]<\/p>\n","protected":false},"author":0,"featured_media":0,"comment_status":"open","ping_status":"open","sticky":false,"template":"","format":"standard","meta":{"footnotes":""},"categories":[1],"tags":[],"_links":{"self":[{"href":"https:\/\/jeffersonisac.adv.br\/index.php\/wp-json\/wp\/v2\/posts\/15852"}],"collection":[{"href":"https:\/\/jeffersonisac.adv.br\/index.php\/wp-json\/wp\/v2\/posts"}],"about":[{"href":"https:\/\/jeffersonisac.adv.br\/index.php\/wp-json\/wp\/v2\/types\/post"}],"replies":[{"embeddable":true,"href":"https:\/\/jeffersonisac.adv.br\/index.php\/wp-json\/wp\/v2\/comments?post=15852"}],"version-history":[{"count":0,"href":"https:\/\/jeffersonisac.adv.br\/index.php\/wp-json\/wp\/v2\/posts\/15852\/revisions"}],"wp:attachment":[{"href":"https:\/\/jeffersonisac.adv.br\/index.php\/wp-json\/wp\/v2\/media?parent=15852"}],"wp:term":[{"taxonomy":"category","embeddable":true,"href":"https:\/\/jeffersonisac.adv.br\/index.php\/wp-json\/wp\/v2\/categories?post=15852"},{"taxonomy":"post_tag","embeddable":true,"href":"https:\/\/jeffersonisac.adv.br\/index.php\/wp-json\/wp\/v2\/tags?post=15852"}],"curies":[{"name":"wp","href":"https:\/\/api.w.org\/{rel}","templated":true}]}}