{"id":15854,"date":"2026-03-25T14:27:32","date_gmt":"2026-03-25T17:27:32","guid":{"rendered":"https:\/\/jeffersonisac.adv.br\/index.php\/2026\/03\/25\/comissao-aprova-prioridade-para-gestantes-e-lactantes-em-epidemias\/"},"modified":"2026-03-25T14:27:32","modified_gmt":"2026-03-25T17:27:32","slug":"comissao-aprova-prioridade-para-gestantes-e-lactantes-em-epidemias","status":"publish","type":"post","link":"https:\/\/jeffersonisac.adv.br\/index.php\/2026\/03\/25\/comissao-aprova-prioridade-para-gestantes-e-lactantes-em-epidemias\/","title":{"rendered":"Comiss\u00e3o aprova prioridade para gestantes e lactantes em epidemias"},"content":{"rendered":"<div class=\"image-container\">\n<div class=\"midia-creditos\"><em>Vinicius Loures \/ C\u00e2mara dos Deputados<\/em><\/div>\n<div class=\"media-wrapper\"><\/div>\n<div class=\"midia-legenda\">Deputada Maria Arraes, relatora do projeto de lei<\/div>\n<\/div>\n<p>A Comiss\u00e3o de Constitui\u00e7\u00e3o e Justi\u00e7a e de Cidadania (CCJ) da C\u00e2mara dos Deputados aprovou o <a class=\"linkProposicao\" href=\"https:\/\/www.camara.leg.br\/noticias\/1130497-projeto-assegura-prioridade-ao-tratamento-de-gestantes-e-lactantes-durante-epidemias\">Projeto de Lei 4124\/24<\/a>, que assegura prioridade para gestantes e lactantes receberem insumos de qualquer natureza para prote\u00e7\u00e3o contra epidemias ou agravos inusitados \u00e0 sa\u00fade.<\/p>\n<p>Tais insumos podem ser vacinas, medicamentos ou equipamentos de prote\u00e7\u00e3o individual, entre outros.<\/p>\n<p>A proposta altera o Estatuto da Crian\u00e7a e do Adolescente (ECA), incluindo a garantia no trecho que trata da prote\u00e7\u00e3o \u00e0 gestante e ao beb\u00ea.<\/p>\n<p>Como foi analisada em <span class=\"termoGlossario\">car\u00e1ter conclusivo<\/span>, a proposta poder\u00e1 seguir para o Senado, salvo se houver recurso para an\u00e1lise no Plen\u00e1rio da C\u00e2mara. Para virar lei, a vers\u00e3o final do texto precisa ser aprovada pelas duas Casas.<\/p>\n<p><strong>Prote\u00e7\u00e3o<\/strong><br \/>\nA relatora, deputada Maria Arraes (Solidariedade-PE), recomendou a aprova\u00e7\u00e3o. \u201cO escopo da proposta \u00e9 trabalhar para preservar as gestantes e os beb\u00eas, durante o per\u00edodo gestacional e nos primeiros meses de vida\u201d, disse.<\/p>\n<p>Autora do projeto, a deputada Laura Carneiro (PSD-RJ) afirmou que o objetivo \u00e9 favorecer gestantes e lactantes no recebimento de insumos. \u201cA experi\u00eancia recente da pandemia de Covid-19 mostrou que eles s\u00e3o importantes\u201d, declarou.<\/p>\n<p><a href=\"https:\/\/www.camara.leg.br\/noticias\/573454-SAIBA-MAIS-SOBRE-A-TRAMITACAO-DE-PROJETOS-DE-LEI\">Saiba mais sobre a tramita\u00e7\u00e3o de projetos de lei<\/a><\/p>","protected":false},"excerpt":{"rendered":"<p>Vinicius Loures \/ C\u00e2mara dos Deputados Deputada Maria Arraes, relatora do projeto de lei A Comiss\u00e3o de Constitui\u00e7\u00e3o e Justi\u00e7a e de Cidadania (CCJ) da C\u00e2mara dos Deputados aprovou o Projeto de Lei 4124\/24, que assegura prioridade para gestantes e lactantes receberem insumos de qualquer natureza para prote\u00e7\u00e3o contra epidemias ou agravos inusitados \u00e0 sa\u00fade. [&hellip;]<\/p>\n","protected":false},"author":0,"featured_media":0,"comment_status":"open","ping_status":"open","sticky":false,"template":"","format":"standard","meta":{"footnotes":""},"categories":[1],"tags":[],"_links":{"self":[{"href":"https:\/\/jeffersonisac.adv.br\/index.php\/wp-json\/wp\/v2\/posts\/15854"}],"collection":[{"href":"https:\/\/jeffersonisac.adv.br\/index.php\/wp-json\/wp\/v2\/posts"}],"about":[{"href":"https:\/\/jeffersonisac.adv.br\/index.php\/wp-json\/wp\/v2\/types\/post"}],"replies":[{"embeddable":true,"href":"https:\/\/jeffersonisac.adv.br\/index.php\/wp-json\/wp\/v2\/comments?post=15854"}],"version-history":[{"count":0,"href":"https:\/\/jeffersonisac.adv.br\/index.php\/wp-json\/wp\/v2\/posts\/15854\/revisions"}],"wp:attachment":[{"href":"https:\/\/jeffersonisac.adv.br\/index.php\/wp-json\/wp\/v2\/media?parent=15854"}],"wp:term":[{"taxonomy":"category","embeddable":true,"href":"https:\/\/jeffersonisac.adv.br\/index.php\/wp-json\/wp\/v2\/categories?post=15854"},{"taxonomy":"post_tag","embeddable":true,"href":"https:\/\/jeffersonisac.adv.br\/index.php\/wp-json\/wp\/v2\/tags?post=15854"}],"curies":[{"name":"wp","href":"https:\/\/api.w.org\/{rel}","templated":true}]}}