{"id":15855,"date":"2026-03-25T14:27:32","date_gmt":"2026-03-25T17:27:32","guid":{"rendered":"https:\/\/jeffersonisac.adv.br\/index.php\/2026\/03\/25\/comissao-aprova-projeto-sobre-atencao-a-criancas-e-jovens-com-deficiencia-ou-enfermidade\/"},"modified":"2026-03-25T14:27:32","modified_gmt":"2026-03-25T17:27:32","slug":"comissao-aprova-projeto-sobre-atencao-a-criancas-e-jovens-com-deficiencia-ou-enfermidade","status":"publish","type":"post","link":"https:\/\/jeffersonisac.adv.br\/index.php\/2026\/03\/25\/comissao-aprova-projeto-sobre-atencao-a-criancas-e-jovens-com-deficiencia-ou-enfermidade\/","title":{"rendered":"Comiss\u00e3o aprova projeto sobre aten\u00e7\u00e3o a crian\u00e7as e jovens com defici\u00eancia ou enfermidade"},"content":{"rendered":"<div class=\"image-container\">\n<div class=\"midia-creditos\"><em>Kayo Magalh\u00e3es \/ C\u00e2mara dos Deputados<\/em><\/div>\n<div class=\"media-wrapper\"><\/div>\n<div class=\"midia-legenda\">Diego Garcia, relator da proposta<\/div>\n<\/div>\n<p>A Comiss\u00e3o de Constitui\u00e7\u00e3o e Justi\u00e7a e de Cidadania (CCJ) da C\u00e2mara dos Deputados aprovou o <a class=\"linkProposicao\" href=\"https:\/\/www.camara.leg.br\/noticias\/701989-projeto-estimula-a-producao-itens-educativos-que-ressaltem-deficiencia-ou-enfermidade\">Projeto de Lei 3761\/20<\/a>, que prev\u00ea medidas de aten\u00e7\u00e3o a crian\u00e7as e jovens com condi\u00e7\u00f5es decorrentes de defici\u00eancia ou enfermidade.<\/p>\n<p>A proposta altera a <a href=\"https:\/\/www2.camara.leg.br\/legin\/fed\/lei\/2015\/lei-13146-6-julho-2015-781174-norma-pl.html\">Lei Brasileira de Inclus\u00e3o da Pessoa com Defici\u00eancia<\/a> para tratar de iniciativas dirigidas \u00e0quele p\u00fablico. A ideia \u00e9 ampliar as possibilidades para que crian\u00e7as e jovens desenvolvam autoimagem e autoconceito saud\u00e1veis.<\/p>\n<p>De acordo com o projeto, o poder p\u00fablico dever\u00e1 estimular, inclusive com incentivos fiscais, a produ\u00e7\u00e3o de materiais did\u00e1ticos, livros, jogos e brinquedos que ajudem esses jovens a compreender e aceitar as condi\u00e7\u00f5es decorrentes de defici\u00eancia ou enfermidade.<\/p>\n<p>Como foi analisada em <span class=\"termoGlossario\">car\u00e1ter conclusivo<\/span>, a proposta poder\u00e1 seguir para o Senado, salvo se houver recurso para an\u00e1lise no Plen\u00e1rio da C\u00e2mara. Para virar lei, a vers\u00e3o final do texto precisa ser aprovada pelas duas Casas.<\/p>\n<p><strong>Carga tribut\u00e1ria<\/strong><br \/>\nO relator, deputado Diego Garcia (Republicanos-PR), recomendou a aprova\u00e7\u00e3o do texto. O parecer destacou justificativa do autor, deputado Jaziel (PL-CE), de que a medida n\u00e3o representaria grande perda de arrecada\u00e7\u00e3o.<\/p>\n<p>Segundo Jaziel, a carga tribut\u00e1ria sobre os brinquedos chega a 40% do pre\u00e7o final, o que dificulta a produ\u00e7\u00e3o em larga escala de artigos l\u00fadicos para crian\u00e7as com defici\u00eancia. \u201cReduzir a carga tribut\u00e1ria estimular\u00e1 a oferta\u201d, disse ele.<\/p>","protected":false},"excerpt":{"rendered":"<p>Kayo Magalh\u00e3es \/ C\u00e2mara dos Deputados Diego Garcia, relator da proposta A Comiss\u00e3o de Constitui\u00e7\u00e3o e Justi\u00e7a e de Cidadania (CCJ) da C\u00e2mara dos Deputados aprovou o Projeto de Lei 3761\/20, que prev\u00ea medidas de aten\u00e7\u00e3o a crian\u00e7as e jovens com condi\u00e7\u00f5es decorrentes de defici\u00eancia ou enfermidade. A proposta altera a Lei Brasileira de Inclus\u00e3o [&hellip;]<\/p>\n","protected":false},"author":0,"featured_media":0,"comment_status":"open","ping_status":"open","sticky":false,"template":"","format":"standard","meta":{"footnotes":""},"categories":[1],"tags":[],"_links":{"self":[{"href":"https:\/\/jeffersonisac.adv.br\/index.php\/wp-json\/wp\/v2\/posts\/15855"}],"collection":[{"href":"https:\/\/jeffersonisac.adv.br\/index.php\/wp-json\/wp\/v2\/posts"}],"about":[{"href":"https:\/\/jeffersonisac.adv.br\/index.php\/wp-json\/wp\/v2\/types\/post"}],"replies":[{"embeddable":true,"href":"https:\/\/jeffersonisac.adv.br\/index.php\/wp-json\/wp\/v2\/comments?post=15855"}],"version-history":[{"count":0,"href":"https:\/\/jeffersonisac.adv.br\/index.php\/wp-json\/wp\/v2\/posts\/15855\/revisions"}],"wp:attachment":[{"href":"https:\/\/jeffersonisac.adv.br\/index.php\/wp-json\/wp\/v2\/media?parent=15855"}],"wp:term":[{"taxonomy":"category","embeddable":true,"href":"https:\/\/jeffersonisac.adv.br\/index.php\/wp-json\/wp\/v2\/categories?post=15855"},{"taxonomy":"post_tag","embeddable":true,"href":"https:\/\/jeffersonisac.adv.br\/index.php\/wp-json\/wp\/v2\/tags?post=15855"}],"curies":[{"name":"wp","href":"https:\/\/api.w.org\/{rel}","templated":true}]}}