{"id":15856,"date":"2026-03-25T14:27:33","date_gmt":"2026-03-25T17:27:33","guid":{"rendered":"https:\/\/jeffersonisac.adv.br\/index.php\/2026\/03\/25\/comissao-aprova-criacao-de-secretaria-nacional-para-captura-de-foragidos\/"},"modified":"2026-03-25T14:27:33","modified_gmt":"2026-03-25T17:27:33","slug":"comissao-aprova-criacao-de-secretaria-nacional-para-captura-de-foragidos","status":"publish","type":"post","link":"https:\/\/jeffersonisac.adv.br\/index.php\/2026\/03\/25\/comissao-aprova-criacao-de-secretaria-nacional-para-captura-de-foragidos\/","title":{"rendered":"Comiss\u00e3o aprova cria\u00e7\u00e3o de secretaria nacional para captura de foragidos"},"content":{"rendered":"<div class=\"image-container\">\n<div class=\"midia-creditos\"><em>Kayo Magalh\u00e3es \/ C\u00e2mara dos Deputados<\/em><\/div>\n<div class=\"media-wrapper\"><\/div>\n<div class=\"midia-legenda\">Delegado Paulo Bilynskyj \u00e9 o relator da proposta<\/div>\n<\/div>\n<p>A Comiss\u00e3o de Seguran\u00e7a P\u00fablica da C\u00e2mara dos Deputados aprovou o Projeto de Lei 3486\/24, que institui\u00a0a Secretaria Nacional de Captura (Senac). O novo \u00f3rg\u00e3o ser\u00e1 vinculado ao Minist\u00e9rio da Justi\u00e7a e Seguran\u00e7a P\u00fablica e ter\u00e1 como atribui\u00e7\u00e3o coordenar e executar a\u00e7\u00f5es de localiza\u00e7\u00e3o e pris\u00e3o de foragidos da Justi\u00e7a.<\/p>\n<p>A proposta do deputado Capit\u00e3o Alberto Neto (PL-AM) altera a <a class=\"linkLegislacao\" href=\"https:\/\/www2.camara.gov.br\/legin\/fed\/lei\/1980-1987\/lei-7210-11-julho-1984-356938-norma-pl.html\">Lei de Execu\u00e7\u00e3o Penal<\/a>\u00a0para incluir a Senac no rol dos \u00f3rg\u00e3os da execu\u00e7\u00e3o penal, com as seguintes compet\u00eancias:<\/p>\n<p>&#8211; atua\u00e7\u00e3o integrada com outros \u00f3rg\u00e3os de seguran\u00e7a p\u00fablica;<br \/>\n&#8211; coopera\u00e7\u00e3o com autoridades estrangeiras e organismos internacionais;<br \/>\n&#8211; gerenciamento de um sistema de informa\u00e7\u00f5es sobre foragidos; e<br \/>\n&#8211; interlocu\u00e7\u00e3o permanente com o Ju\u00edzo da execu\u00e7\u00e3o penal.<\/p>\n<p><strong>Dificuldades estruturais<br \/>\n<\/strong>O relator, deputado Delegado Paulo Bilynskyj (PL-SP), apresentou parecer favor\u00e1vel \u00e0 medida. Ele destacou que o Brasil convive atualmente com quase 300 mil mandados de pris\u00e3o em aberto, muitos deles relacionados a crimes graves, como homic\u00eddio, roubo e tr\u00e1fico de drogas.<\/p>\n<p>Segundo Bilynskyj, a dificuldade estatal em capturar esses indiv\u00edduos deixou de ser um problema pontual para se tornar uma falha estrutural, o que favorece a reincid\u00eancia criminal e aumenta a sensa\u00e7\u00e3o de impunidade.<\/p>\n<p>\u201cA captura c\u00e9lere e eficiente de foragidos n\u00e3o se limita a uma medida repressiva, mas constitui instrumento indispens\u00e1vel de prote\u00e7\u00e3o da sociedade e de preserva\u00e7\u00e3o da confian\u00e7a p\u00fablica no sistema de justi\u00e7a criminal\u201d, avaliou o relator.<\/p>\n<p>Para Paulo Bilynskyj, a cria\u00e7\u00e3o da secretaria preenche uma lacuna institucional ao centralizar a coordena\u00e7\u00e3o estrat\u00e9gica e promover a integra\u00e7\u00e3o de sistemas de informa\u00e7\u00e3o entre os governos federal e estaduais.<\/p>\n<p><strong>Pr\u00f3ximos passos<\/strong><br \/>\nO projeto tramita em <span class=\"termoGlossario\">car\u00e1ter conclusivo<\/span> e segue agora para an\u00e1lise da Comiss\u00e3o de Constitui\u00e7\u00e3o e Justi\u00e7a e de Cidadania.<\/p>\n<p>Para virar lei, a proposta precisa ser aprovada pela C\u00e2mara e pelo Senado.<\/p>\n<p><a href=\"https:\/\/www.camara.leg.br\/noticias\/573454-SAIBA-MAIS-SOBRE-A-TRAMITACAO-DE-PROJETOS-DE-LEI\">Saiba mais sobre a tramita\u00e7\u00e3o de projetos de lei\u00a0<\/a><\/p>","protected":false},"excerpt":{"rendered":"<p>Kayo Magalh\u00e3es \/ C\u00e2mara dos Deputados Delegado Paulo Bilynskyj \u00e9 o relator da proposta A Comiss\u00e3o de Seguran\u00e7a P\u00fablica da C\u00e2mara dos Deputados aprovou o Projeto de Lei 3486\/24, que institui\u00a0a Secretaria Nacional de Captura (Senac). O novo \u00f3rg\u00e3o ser\u00e1 vinculado ao Minist\u00e9rio da Justi\u00e7a e Seguran\u00e7a P\u00fablica e ter\u00e1 como atribui\u00e7\u00e3o coordenar e executar [&hellip;]<\/p>\n","protected":false},"author":0,"featured_media":0,"comment_status":"open","ping_status":"open","sticky":false,"template":"","format":"standard","meta":{"footnotes":""},"categories":[1],"tags":[],"_links":{"self":[{"href":"https:\/\/jeffersonisac.adv.br\/index.php\/wp-json\/wp\/v2\/posts\/15856"}],"collection":[{"href":"https:\/\/jeffersonisac.adv.br\/index.php\/wp-json\/wp\/v2\/posts"}],"about":[{"href":"https:\/\/jeffersonisac.adv.br\/index.php\/wp-json\/wp\/v2\/types\/post"}],"replies":[{"embeddable":true,"href":"https:\/\/jeffersonisac.adv.br\/index.php\/wp-json\/wp\/v2\/comments?post=15856"}],"version-history":[{"count":0,"href":"https:\/\/jeffersonisac.adv.br\/index.php\/wp-json\/wp\/v2\/posts\/15856\/revisions"}],"wp:attachment":[{"href":"https:\/\/jeffersonisac.adv.br\/index.php\/wp-json\/wp\/v2\/media?parent=15856"}],"wp:term":[{"taxonomy":"category","embeddable":true,"href":"https:\/\/jeffersonisac.adv.br\/index.php\/wp-json\/wp\/v2\/categories?post=15856"},{"taxonomy":"post_tag","embeddable":true,"href":"https:\/\/jeffersonisac.adv.br\/index.php\/wp-json\/wp\/v2\/tags?post=15856"}],"curies":[{"name":"wp","href":"https:\/\/api.w.org\/{rel}","templated":true}]}}