{"id":15860,"date":"2026-03-25T16:24:54","date_gmt":"2026-03-25T19:24:54","guid":{"rendered":"https:\/\/jeffersonisac.adv.br\/index.php\/2026\/03\/25\/comissao-aprova-regras-para-uso-de-ia-no-ambiente-de-trabalho\/"},"modified":"2026-03-25T16:24:54","modified_gmt":"2026-03-25T19:24:54","slug":"comissao-aprova-regras-para-uso-de-ia-no-ambiente-de-trabalho","status":"publish","type":"post","link":"https:\/\/jeffersonisac.adv.br\/index.php\/2026\/03\/25\/comissao-aprova-regras-para-uso-de-ia-no-ambiente-de-trabalho\/","title":{"rendered":"Comiss\u00e3o aprova regras para uso de IA no ambiente de trabalho"},"content":{"rendered":"<div class=\"relative flex-1 overflow-hidden overflow-y-auto\">\n<div class=\"relative h-full\">\n<div class=\"scrollbar-gutter-stable\">\n<div class=\"flex flex-col pb-9 dark:bg-transparent\">\n<div>\n<div class=\"text-token-text-primary w-full border-0 bg-transparent dark:border-0 dark:bg-transparent\">\n<div class=\"m-auto justify-center p-4 py-2 md:gap-6 \">\n<div class=\"group mx-auto flex flex-1 gap-3 transition-all duration-300 transform-gpu md:max-w-[47rem] xl:max-w-[55rem] focus:outline-none focus:ring-2 focus:ring-border-xheavy message-render\">\n<div class=\"relative flex w-11\/12 flex-col agent-turn\">\n<div class=\"flex flex-col gap-1\">\n<div class=\"flex max-w-full flex-grow flex-col gap-0\">\n<div class=\"text-message flex min-h-[20px] flex-col items-start gap-3 overflow-visible [.text-message+&amp;]:mt-5\">\n<div class=\"markdown prose message-content dark:prose-invert light w-full break-words dark:text-gray-100\">\n<div class=\"image-container\">\n<div class=\"midia-creditos\"><em>Bruno Spada \/ C\u00e2mara dos Deputados<\/em><\/div>\n<div class=\"media-wrapper\"><\/div>\n<div class=\"midia-legenda\">Lucas Ramos: &#8220;O projeto contribui para para a discuss\u00e3o dos limites \u00e9ticos e jur\u00eddicos da automa\u00e7\u00e3o&#8221;<\/div>\n<\/div>\n<p class=\"mb-2 whitespace-pre-wrap\">A Comiss\u00e3o de Ci\u00eancia, Tecnologia e Inova\u00e7\u00e3o da C\u00e2mara dos Deputados aprovou proposta que altera a Consolida\u00e7\u00e3o das Leis do Trabalho (CLT) para regulamentar o uso da intelig\u00eancia artificial (IA) no ambiente corporativo \u2013 criando salvaguardas contra a discrimina\u00e7\u00e3o algor\u00edtmica e protegendo a sa\u00fade mental dos empregados submetidos ao controle automatizado.<\/p>\n<p class=\"mb-2 whitespace-pre-wrap\">A comiss\u00e3o aprovou o <a class=\"linkProposicao\" href=\"https:\/\/www.camara.leg.br\/noticias\/1093899-projeto-inclui-medidas-de-protecao-de-trabalhador-contra-ia-na-clt\">Projeto de Lei 3088\/24<\/a>, do deputado J\u00fanior Mano (PSB-CE), com mudan\u00e7as sugeridas pelo relator, deputado Lucas Ramos (PSB-PE).<\/p>\n<p>A reda\u00e7\u00e3o original previa uma s\u00e9rie de obriga\u00e7\u00f5es diretas para empregadores, como a transpar\u00eancia de algoritmos em processos seletivos e multas fixas em caso de descumprimento.<\/p>\n<p>J\u00e1 o texto aprovado ajusta a reda\u00e7\u00e3o para dar maior seguran\u00e7a jur\u00eddica, flexibiliza a aplica\u00e7\u00e3o de multas (ao retirar o valor fixo) e insere a negocia\u00e7\u00e3o coletiva como instrumento de defesa do emprego frente \u00e0 automa\u00e7\u00e3o.<\/p>\n<p class=\"mb-2 whitespace-pre-wrap\">&#8220;O projeto contribui para inserir o pa\u00eds no debate internacional sobre os limites \u00e9ticos e jur\u00eddicos da automa\u00e7\u00e3o, com \u00eanfase na centralidade do ser humano no processo produtivo&#8221;, explicou Lucas Ramos.<\/p>\n<p class=\"mb-2 whitespace-pre-wrap\"><strong>Negocia\u00e7\u00e3o coletiva<br \/>\n<\/strong>Pelo texto aprovado, a decis\u00e3o sobre a introdu\u00e7\u00e3o de novas tecnologias que afetem postos de trabalho passa a ter a participa\u00e7\u00e3o sindical. O texto estabelece os seguintes pontos priorit\u00e1rios:<\/p>\n<p><strong>Preven\u00e7\u00e3o de danos: <\/strong>empregadores devem adotar medidas razo\u00e1veis para prevenir impactos \u00e0 sa\u00fade f\u00edsica e mental (ansiedade e estresse) decorrentes do controle por IA;<br \/>\n<strong>Papel dos sindicatos: <\/strong>a ado\u00e7\u00e3o de IA que impacte a estrutura ocupacional poder\u00e1 ser objeto de negocia\u00e7\u00e3o coletiva para preservar empregos ou reduzir jornadas;<br \/>\n<strong>Fiscaliza\u00e7\u00e3o gradual: <\/strong>o Poder Executivo fiscalizar\u00e1 as normas, aplicando san\u00e7\u00f5es de forma escalonada (notifica\u00e7\u00e3o, advert\u00eancia e multa).<\/p>\n<p class=\"mb-2 whitespace-pre-wrap\"><strong>Fiscaliza\u00e7\u00e3o e Penalidades<br \/>\n<\/strong>O projeto original condicionava a aplica\u00e7\u00e3o de uma multa fixa de R$ 2 mil por empregado a ser paga pelas empresas em caso de viola\u00e7\u00e3o das normas.<\/p>\n<p class=\"mb-2 whitespace-pre-wrap\">J\u00e1 o texto aprovado atribui a defini\u00e7\u00e3o do valor \u00e0 regulamenta\u00e7\u00e3o do Poder Executivo e cria um processo administrativo pr\u00e9vio, garantindo que haja primeiro uma etapa de orienta\u00e7\u00e3o e adequa\u00e7\u00e3o antes da puni\u00e7\u00e3o financeira.<\/p>\n<p><strong>Transpar\u00eancia<br \/>\n<\/strong>O projeto tamb\u00e9m define regras para a transpar\u00eancia algor\u00edtmica em processos de sele\u00e7\u00e3o e promo\u00e7\u00e3o, exigindo que os crit\u00e9rios sejam audit\u00e1veis e livres de discrimina\u00e7\u00e3o, al\u00e9m de prever a cria\u00e7\u00e3o de um selo de boas pr\u00e1ticas para empresas respons\u00e1veis.<\/p>\n<p class=\"mb-2 whitespace-pre-wrap\"><strong>Pr\u00f3ximos passos<br \/>\n<\/strong>A proposta, que tramita em <span class=\"termoGlossario\">car\u00e1ter conclusivo<\/span>, ainda ser\u00e1 analisada pelas Comiss\u00f5es de Trabalho e de Constitui\u00e7\u00e3o e Justi\u00e7a e de Cidadania.<\/p>\n<p><a href=\"https:\/\/www.camara.leg.br\/noticias\/573454-SAIBA-MAIS-SOBRE-A-TRAMITACAO-DE-PROJETOS-DE-LEI\">Saiba mais sobre a tramita\u00e7\u00e3o de projetos de lei<\/a><\/p>\n<p>\u00a0<\/p>\n<div><\/div>\n<p>\u00a0<\/p>\n<\/div>\n<\/div>\n<\/div>\n<\/div>\n<\/div>\n<\/div>\n<\/div>\n<\/div>\n<\/div>\n<\/div>\n<\/div>\n<\/div>\n<\/div>","protected":false},"excerpt":{"rendered":"<p>Bruno Spada \/ C\u00e2mara dos Deputados Lucas Ramos: &#8220;O projeto contribui para para a discuss\u00e3o dos limites \u00e9ticos e jur\u00eddicos da automa\u00e7\u00e3o&#8221; A Comiss\u00e3o de Ci\u00eancia, Tecnologia e Inova\u00e7\u00e3o da C\u00e2mara dos Deputados aprovou proposta que altera a Consolida\u00e7\u00e3o das Leis do Trabalho (CLT) para regulamentar o uso da intelig\u00eancia artificial (IA) no ambiente corporativo [&hellip;]<\/p>\n","protected":false},"author":0,"featured_media":0,"comment_status":"open","ping_status":"open","sticky":false,"template":"","format":"standard","meta":{"footnotes":""},"categories":[1],"tags":[],"_links":{"self":[{"href":"https:\/\/jeffersonisac.adv.br\/index.php\/wp-json\/wp\/v2\/posts\/15860"}],"collection":[{"href":"https:\/\/jeffersonisac.adv.br\/index.php\/wp-json\/wp\/v2\/posts"}],"about":[{"href":"https:\/\/jeffersonisac.adv.br\/index.php\/wp-json\/wp\/v2\/types\/post"}],"replies":[{"embeddable":true,"href":"https:\/\/jeffersonisac.adv.br\/index.php\/wp-json\/wp\/v2\/comments?post=15860"}],"version-history":[{"count":0,"href":"https:\/\/jeffersonisac.adv.br\/index.php\/wp-json\/wp\/v2\/posts\/15860\/revisions"}],"wp:attachment":[{"href":"https:\/\/jeffersonisac.adv.br\/index.php\/wp-json\/wp\/v2\/media?parent=15860"}],"wp:term":[{"taxonomy":"category","embeddable":true,"href":"https:\/\/jeffersonisac.adv.br\/index.php\/wp-json\/wp\/v2\/categories?post=15860"},{"taxonomy":"post_tag","embeddable":true,"href":"https:\/\/jeffersonisac.adv.br\/index.php\/wp-json\/wp\/v2\/tags?post=15860"}],"curies":[{"name":"wp","href":"https:\/\/api.w.org\/{rel}","templated":true}]}}