{"id":15863,"date":"2026-03-25T17:30:16","date_gmt":"2026-03-25T20:30:16","guid":{"rendered":"https:\/\/jeffersonisac.adv.br\/index.php\/2026\/03\/25\/medida-provisoria-libera-r-15-bilhoes-para-socorrer-exportadores-afetados-por-guerra-e-tarifas\/"},"modified":"2026-03-25T17:30:16","modified_gmt":"2026-03-25T20:30:16","slug":"medida-provisoria-libera-r-15-bilhoes-para-socorrer-exportadores-afetados-por-guerra-e-tarifas","status":"publish","type":"post","link":"https:\/\/jeffersonisac.adv.br\/index.php\/2026\/03\/25\/medida-provisoria-libera-r-15-bilhoes-para-socorrer-exportadores-afetados-por-guerra-e-tarifas\/","title":{"rendered":"Medida provis\u00f3ria libera R$ 15 bilh\u00f5es para socorrer exportadores afetados por guerra e tarifas"},"content":{"rendered":"<div class=\"image-container\">\n<div class=\"midia-creditos\"><em>Depositphotos<\/em><\/div>\n<div class=\"media-wrapper\"><\/div>\n<div class=\"midia-legenda\">Cr\u00e9dito pretende socorrer exportadores de bens industrais<\/div>\n<\/div>\n<p>O Congresso Nacional vai analisar a Medida Provis\u00f3ria 1345\/26, que libera R$ 15 bilh\u00f5es em linhas de cr\u00e9dito para exportadores por meio do Plano Brasil Soberano, sob gest\u00e3o do BNDES. Assinada pelo presidente Luiz In\u00e1cio Lula da Silva, a medida foi publicada nesta quarta-feira (25) no Di\u00e1rio Oficial da Uni\u00e3o.<\/p>\n<p>O objetivo \u00e9 socorrer exportadores de bens industriais e seus fornecedores afetados pela instabilidade da conjuntura internacional, marcada, entre outros acontecimentos, pela guerra no Oriente M\u00e9dio e pelas tarifas impostas pelos Estados Unidos a diversos pa\u00edses.<\/p>\n<p>O cr\u00e9dito poder\u00e1 ser usado para capital de giro, aquisi\u00e7\u00e3o de bens de capital, amplia\u00e7\u00e3o da capacidade produtiva, adensamento da cadeia de produ\u00e7\u00e3o, inova\u00e7\u00e3o tecnol\u00f3gica e adapta\u00e7\u00e3o de produtos, servi\u00e7os e processos.<\/p>\n<p>Os R$ 15 bilh\u00f5es vir\u00e3o principalmente do <span class=\"termoGlossario\">super\u00e1vit financeiro<\/span> do Fundo de Garantia \u00e0 Exporta\u00e7\u00e3o, apurado em 31 de dezembro de 2025, al\u00e9m de outras fontes or\u00e7ament\u00e1rias. Encargos, prazos e crit\u00e9rios de elegibilidade ser\u00e3o definidos pelo Conselho Monet\u00e1rio Nacional (CMN) e pelos minist\u00e9rios da Fazenda e do Desenvolvimento, Ind\u00fastria, Com\u00e9rcio e Servi\u00e7os.<\/p>\n<p>Por ser uma MP, o texto entra em vigor imediatamente, mas precisa ser aprovado pelo Congresso em at\u00e9 120 dias para n\u00e3o perder a validade.<\/p>\n<p><a href=\"https:\/\/www.camara.leg.br\/noticias\/573452-saiba-mais-sobre-a-tramitacao-de-mps\/\">Conhe\u00e7a a tramita\u00e7\u00e3o de medidas provis\u00f3rias<\/a><\/p>","protected":false},"excerpt":{"rendered":"<p>Depositphotos Cr\u00e9dito pretende socorrer exportadores de bens industrais O Congresso Nacional vai analisar a Medida Provis\u00f3ria 1345\/26, que libera R$ 15 bilh\u00f5es em linhas de cr\u00e9dito para exportadores por meio do Plano Brasil Soberano, sob gest\u00e3o do BNDES. Assinada pelo presidente Luiz In\u00e1cio Lula da Silva, a medida foi publicada nesta quarta-feira (25) no Di\u00e1rio [&hellip;]<\/p>\n","protected":false},"author":0,"featured_media":0,"comment_status":"open","ping_status":"open","sticky":false,"template":"","format":"standard","meta":{"footnotes":""},"categories":[1],"tags":[],"_links":{"self":[{"href":"https:\/\/jeffersonisac.adv.br\/index.php\/wp-json\/wp\/v2\/posts\/15863"}],"collection":[{"href":"https:\/\/jeffersonisac.adv.br\/index.php\/wp-json\/wp\/v2\/posts"}],"about":[{"href":"https:\/\/jeffersonisac.adv.br\/index.php\/wp-json\/wp\/v2\/types\/post"}],"replies":[{"embeddable":true,"href":"https:\/\/jeffersonisac.adv.br\/index.php\/wp-json\/wp\/v2\/comments?post=15863"}],"version-history":[{"count":0,"href":"https:\/\/jeffersonisac.adv.br\/index.php\/wp-json\/wp\/v2\/posts\/15863\/revisions"}],"wp:attachment":[{"href":"https:\/\/jeffersonisac.adv.br\/index.php\/wp-json\/wp\/v2\/media?parent=15863"}],"wp:term":[{"taxonomy":"category","embeddable":true,"href":"https:\/\/jeffersonisac.adv.br\/index.php\/wp-json\/wp\/v2\/categories?post=15863"},{"taxonomy":"post_tag","embeddable":true,"href":"https:\/\/jeffersonisac.adv.br\/index.php\/wp-json\/wp\/v2\/tags?post=15863"}],"curies":[{"name":"wp","href":"https:\/\/api.w.org\/{rel}","templated":true}]}}