{"id":15872,"date":"2026-03-25T20:28:23","date_gmt":"2026-03-25T23:28:23","guid":{"rendered":"https:\/\/jeffersonisac.adv.br\/index.php\/2026\/03\/25\/camara-aprova-projeto-que-cria-o-dia-da-autoestima-da-mulher-brasileira\/"},"modified":"2026-03-25T20:28:23","modified_gmt":"2026-03-25T23:28:23","slug":"camara-aprova-projeto-que-cria-o-dia-da-autoestima-da-mulher-brasileira","status":"publish","type":"post","link":"https:\/\/jeffersonisac.adv.br\/index.php\/2026\/03\/25\/camara-aprova-projeto-que-cria-o-dia-da-autoestima-da-mulher-brasileira\/","title":{"rendered":"C\u00e2mara aprova projeto que cria o Dia da Autoestima da Mulher Brasileira"},"content":{"rendered":"<div class=\"image-container\">\n<div class=\"midia-creditos\"><em>Kayo Magalh\u00e3es\/C\u00e2mara dos Deputados<\/em><\/div>\n<div class=\"media-wrapper\"><\/div>\n<div class=\"midia-legenda\">Greyce Elias, autora do projeto de lei<\/div>\n<\/div>\n<p>A C\u00e2mara dos Deputados aprovou o Projeto de Lei 5405\/25, da deputada Greyce Elias (Avante-MG), que estabelece o dia 21 de setembro como Dia da Autoestima da Mulher Brasileira. A proposta seguir\u00e1 para o Senado.<\/p>\n<p>A relatora do projeto, deputada Franciane Bayer (Republicanos-RS), afirmou que a cria\u00e7\u00e3o da data servir\u00e1 para incentivar o debate sobre assuntos como sobrecarga em tarefas dom\u00e9sticas, cobran\u00e7a social e desigualdades estruturais. &#8220;A autoestima envolve a autoconfian\u00e7a, a aceita\u00e7\u00e3o pessoal e a autonomia. Em igual medida, fomenta a resili\u00eancia diante dos desafios do dia a dia&#8221;, disse.<\/p>\n<p>A leitura do relat\u00f3rio foi feita pela deputada Gisela Simona (Uni\u00e3o-MT).<\/p>\n<p><strong>Sobrecarga<\/strong><br \/>\nDe acordo com dados do Instituto Brasileiro de Geografia e Estat\u00edstica (<span class=\"termoGlossario\">IBGE<\/span>) citados pela relatora, as mulheres dedicam cerca de 10 horas a mais do que os homens aos afazeres dom\u00e9sticos ou ao cuidado de pessoas.<\/p>\n<p>Para a deputada Erika Kokay (PT-DF), o projeto carrega o sentido de valoriza\u00e7\u00e3o da autoestima da mulher para romper as culpabiliza\u00e7\u00f5es e para haver uma sociedade em que homens e mulheres tenham os mesmos direitos. &#8220;E n\u00e3o tenhamos l\u00f3gica mis\u00f3gina muitas vezes naturalizada para ser perenizada&#8221;, disse.<\/p>\n<p>A autora do projeto, deputada Greyce Elias, afirmou que uma mulher com autoestima fortalecida ser\u00e1 resiliente se cair, e vai continuar lutando pelo que acredita. &#8220;Atrav\u00e9s do suor do trabalho dela, dos sonhos dela, a fam\u00edlia e os filhos ser\u00e3o beneficiados.&#8221;<\/p>\n<p><strong>Mais informa\u00e7\u00f5es em instantes<\/strong><\/p>\n<p><a href=\"https:\/\/www.youtube.com\/watch?v=1qfXg7kgIww\">Assista ao vivo<\/a><\/p>","protected":false},"excerpt":{"rendered":"<p>Kayo Magalh\u00e3es\/C\u00e2mara dos Deputados Greyce Elias, autora do projeto de lei A C\u00e2mara dos Deputados aprovou o Projeto de Lei 5405\/25, da deputada Greyce Elias (Avante-MG), que estabelece o dia 21 de setembro como Dia da Autoestima da Mulher Brasileira. A proposta seguir\u00e1 para o Senado. A relatora do projeto, deputada Franciane Bayer (Republicanos-RS), afirmou [&hellip;]<\/p>\n","protected":false},"author":0,"featured_media":0,"comment_status":"open","ping_status":"open","sticky":false,"template":"","format":"standard","meta":{"footnotes":""},"categories":[1],"tags":[],"_links":{"self":[{"href":"https:\/\/jeffersonisac.adv.br\/index.php\/wp-json\/wp\/v2\/posts\/15872"}],"collection":[{"href":"https:\/\/jeffersonisac.adv.br\/index.php\/wp-json\/wp\/v2\/posts"}],"about":[{"href":"https:\/\/jeffersonisac.adv.br\/index.php\/wp-json\/wp\/v2\/types\/post"}],"replies":[{"embeddable":true,"href":"https:\/\/jeffersonisac.adv.br\/index.php\/wp-json\/wp\/v2\/comments?post=15872"}],"version-history":[{"count":0,"href":"https:\/\/jeffersonisac.adv.br\/index.php\/wp-json\/wp\/v2\/posts\/15872\/revisions"}],"wp:attachment":[{"href":"https:\/\/jeffersonisac.adv.br\/index.php\/wp-json\/wp\/v2\/media?parent=15872"}],"wp:term":[{"taxonomy":"category","embeddable":true,"href":"https:\/\/jeffersonisac.adv.br\/index.php\/wp-json\/wp\/v2\/categories?post=15872"},{"taxonomy":"post_tag","embeddable":true,"href":"https:\/\/jeffersonisac.adv.br\/index.php\/wp-json\/wp\/v2\/tags?post=15872"}],"curies":[{"name":"wp","href":"https:\/\/api.w.org\/{rel}","templated":true}]}}