{"id":15873,"date":"2026-03-25T20:28:23","date_gmt":"2026-03-25T23:28:23","guid":{"rendered":"https:\/\/jeffersonisac.adv.br\/index.php\/2026\/03\/25\/violencia-contra-mulheres-negras-e-indigenas-mobiliza-debate-no-congresso\/"},"modified":"2026-03-25T20:28:23","modified_gmt":"2026-03-25T23:28:23","slug":"violencia-contra-mulheres-negras-e-indigenas-mobiliza-debate-no-congresso","status":"publish","type":"post","link":"https:\/\/jeffersonisac.adv.br\/index.php\/2026\/03\/25\/violencia-contra-mulheres-negras-e-indigenas-mobiliza-debate-no-congresso\/","title":{"rendered":"Viol\u00eancia contra mulheres negras e ind\u00edgenas mobiliza debate no Congresso"},"content":{"rendered":"<div class=\"image-container\">\n<div class=\"midia-creditos\"><em>Jefferson Rudy\/Ag\u00eancia Senado<\/em><\/div>\n<div class=\"media-wrapper\"><\/div>\n<div class=\"midia-legenda\">Luizianne Lins (C): &#8220;Podemos avan\u00e7ar com uma campanha nacional&#8221;<\/div>\n<\/div>\n<p>Em audi\u00eancia p\u00fablica da Comiss\u00e3o Permanente Mista de Combate \u00e0 Viol\u00eancia contra a Mulher, realizada nesta quarta-feira (25), especialistas defenderam a ado\u00e7\u00e3o de campanhas de conscientiza\u00e7\u00e3o para combater o problema.<\/p>\n<p>Em rela\u00e7\u00e3o ao aumento de feminic\u00eddios (veja infogr\u00e1fico abaixo), a presidente do conselho do Instituto Brasileiro de An\u00e1lises Sociais e Econ\u00f4micas (Ibase), Wania Sant\u2019Anna, afirmou que o pa\u00eds \u201cfracassa miseravelmente\u201d em proteger as mulheres.<\/p>\n<p>\u201cPrecisamos de uma campanha nacional que envolva toda a sociedade. A popula\u00e7\u00e3o deve ver esse tema em diferentes espa\u00e7os, como transportes p\u00fablicos e meios de comunica\u00e7\u00e3o. O Congresso Nacional tem capacidade de articular essa mobiliza\u00e7\u00e3o. A meta \u00e9 que o pa\u00eds reconhe\u00e7a que viver sem viol\u00eancia \u00e9 um direito das mulheres.\u201d<\/p>\n<p>Autora do pedido para o debate, a deputada Luizianne Lins (PT-CE) tamb\u00e9m defendeu uma campanha de conscientiza\u00e7\u00e3o.\u00a0\u201cJ\u00e1 existe um pacto federativo entre Judici\u00e1rio, Executivo e Legislativo para combater o feminic\u00eddio. Podemos avan\u00e7ar com uma campanha nacional, mobilizando meios de comunica\u00e7\u00e3o como a TV C\u00e2mara, a TV Senado e as r\u00e1dios, al\u00e9m de buscar outras parcerias\u201d, disse.<\/p>\n<p>\u00a0<\/p>\n<div><\/div>\n<p>\u00a0<\/p>\n<p>\u00a0<\/p>\n<p><strong>Subnotifica\u00e7\u00e3o e racismo<br \/>\n<\/strong>Apesar de serem as principais v\u00edtimas (veja infogr\u00e1fico abaixo), as mulheres negras s\u00e3o as que menos procuram os servi\u00e7os de acolhimento e o sistema de Justi\u00e7a.<\/p>\n<p>Segundo a secret\u00e1ria-executiva adjunta do Minist\u00e9rio da Igualdade Racial,\u00a0B\u00e1rbara Souza, a subnotifica\u00e7\u00e3o \u00e9 alta. A pesquisa Vis\u00edvel e Invis\u00edvel (2025), do F\u00f3rum Brasileiro de Seguran\u00e7a P\u00fablica, aponta que mais de 47% das mulheres em situa\u00e7\u00e3o de viol\u00eancia n\u00e3o buscaram ajuda.<\/p>\n<p>A assistente de coordena\u00e7\u00e3o do Programa de Enfrentamento \u00e0 Viol\u00eancia da ONG Criola, Patr\u00edcia Carvalho, afirmou que o racismo nos servi\u00e7os p\u00fablicos contribui para esse cen\u00e1rio.<\/p>\n<p>\u201cMuitas mulheres resistem a procurar atendimento porque temem ser revitimizadas, sofrer racismo e ter seus relatos desacreditados. Elas enfrentam questionamentos que colocam em d\u00favida suas den\u00fancias.\u201d<\/p>\n<p><strong>Mulheres ind\u00edgenas<br \/>\n<\/strong>A dificuldade de acesso \u00e0 rede de prote\u00e7\u00e3o tamb\u00e9m atinge mulheres ind\u00edgenas.\u00a0Segundo a representante da Secretaria dos Povos Ind\u00edgenas do Par\u00e1, Ana Mel da Silva Grimath, a viol\u00eancia contra mulheres ind\u00edgenas cresceu 258% entre 2014 e 2023, segundo dados do F\u00f3rum Brasileiro de Seguran\u00e7a P\u00fablica. No mesmo per\u00edodo, a viol\u00eancia sexual aumentou 227%, atingindo principalmente crian\u00e7as com menos de 14 anos.<\/p>\n<p>\u00a0<\/p>\n<div><\/div>\n<p>\u00a0<\/p>","protected":false},"excerpt":{"rendered":"<p>Jefferson Rudy\/Ag\u00eancia Senado Luizianne Lins (C): &#8220;Podemos avan\u00e7ar com uma campanha nacional&#8221; Em audi\u00eancia p\u00fablica da Comiss\u00e3o Permanente Mista de Combate \u00e0 Viol\u00eancia contra a Mulher, realizada nesta quarta-feira (25), especialistas defenderam a ado\u00e7\u00e3o de campanhas de conscientiza\u00e7\u00e3o para combater o problema. Em rela\u00e7\u00e3o ao aumento de feminic\u00eddios (veja infogr\u00e1fico abaixo), a presidente do conselho [&hellip;]<\/p>\n","protected":false},"author":0,"featured_media":0,"comment_status":"open","ping_status":"open","sticky":false,"template":"","format":"standard","meta":{"footnotes":""},"categories":[1],"tags":[],"_links":{"self":[{"href":"https:\/\/jeffersonisac.adv.br\/index.php\/wp-json\/wp\/v2\/posts\/15873"}],"collection":[{"href":"https:\/\/jeffersonisac.adv.br\/index.php\/wp-json\/wp\/v2\/posts"}],"about":[{"href":"https:\/\/jeffersonisac.adv.br\/index.php\/wp-json\/wp\/v2\/types\/post"}],"replies":[{"embeddable":true,"href":"https:\/\/jeffersonisac.adv.br\/index.php\/wp-json\/wp\/v2\/comments?post=15873"}],"version-history":[{"count":0,"href":"https:\/\/jeffersonisac.adv.br\/index.php\/wp-json\/wp\/v2\/posts\/15873\/revisions"}],"wp:attachment":[{"href":"https:\/\/jeffersonisac.adv.br\/index.php\/wp-json\/wp\/v2\/media?parent=15873"}],"wp:term":[{"taxonomy":"category","embeddable":true,"href":"https:\/\/jeffersonisac.adv.br\/index.php\/wp-json\/wp\/v2\/categories?post=15873"},{"taxonomy":"post_tag","embeddable":true,"href":"https:\/\/jeffersonisac.adv.br\/index.php\/wp-json\/wp\/v2\/tags?post=15873"}],"curies":[{"name":"wp","href":"https:\/\/api.w.org\/{rel}","templated":true}]}}