{"id":15878,"date":"2026-03-26T09:24:38","date_gmt":"2026-03-26T12:24:38","guid":{"rendered":"https:\/\/jeffersonisac.adv.br\/index.php\/2026\/03\/26\/plenario-pode-votar-reajuste-para-seguranca-do-df-e-regras-para-transferencia-de-veiculos\/"},"modified":"2026-03-26T09:24:38","modified_gmt":"2026-03-26T12:24:38","slug":"plenario-pode-votar-reajuste-para-seguranca-do-df-e-regras-para-transferencia-de-veiculos","status":"publish","type":"post","link":"https:\/\/jeffersonisac.adv.br\/index.php\/2026\/03\/26\/plenario-pode-votar-reajuste-para-seguranca-do-df-e-regras-para-transferencia-de-veiculos\/","title":{"rendered":"Plen\u00e1rio pode votar reajuste para seguran\u00e7a do DF e regras para transfer\u00eancia de ve\u00edculos"},"content":{"rendered":"<div class=\"image-container\">\n<div class=\"midia-creditos\"><em>Vinicius Loures\/C\u00e2mara dos Deputados<\/em><\/div>\n<div class=\"media-wrapper\"><\/div>\n<div class=\"midia-legenda\">Plen\u00e1rio durante sess\u00e3o deliberativa<\/div>\n<\/div>\n<p>O Plen\u00e1rio da C\u00e2mara dos Deputados re\u00fane-se nesta quinta-feira (26), a partir das 10 horas, para votar duas propostas. Est\u00e3o na pauta a <a class=\"linkProposicao\" href=\"https:\/\/www.camara.leg.br\/noticias\/1228737-mp-1326-25-medida-provisoria-reajusta-remuneracao-das-forcas-de-seguranca-publica-do-df\">Medida Provis\u00f3ria 1326\/25<\/a>, que trata de reajuste para as for\u00e7as de seguran\u00e7a do Distrito Federal, e o <a class=\"linkProposicao\" href=\"https:\/\/www.camara.leg.br\/noticias\/562502-projeto-exige-certidao-de-apropriacao-indebita-para-emissao-de-registro-veicular\">Projeto de Lei 2736\/19<\/a>, sobre regras para transfer\u00eancia de ve\u00edculos.<\/p>\n<p>A MP 1326\/25 prev\u00ea recomposi\u00e7\u00e3o salarial para policiais civis, policiais militares e bombeiros militares do Distrito Federal. O objetivo \u00e9 corrigir distor\u00e7\u00f5es acumuladas nos \u00faltimos anos e manter as carreiras competitivas em rela\u00e7\u00e3o a outras for\u00e7as de seguran\u00e7a do pa\u00eds.<\/p>\n<p>O texto foi aprovado nesta quarta-feira (25) pela comiss\u00e3o mista do Congresso respons\u00e1vel pela an\u00e1lise da medida provis\u00f3ria. O relat\u00f3rio do deputado Rafael Prudente (MDB-DF) tamb\u00e9m incorporou emendas com ajustes nas carreiras e mudan\u00e7as na legisla\u00e7\u00e3o da Pol\u00edcia Civil do Distrito Federal, em linha com a <a class=\"linkLegislacao\" href=\"https:\/\/www2.camara.gov.br\/legin\/fed\/lei\/2023\/lei-14735-23-novembro-2023-794983-norma-pl.html\">Lei Org\u00e2nica Nacional das Pol\u00edcias Civis<\/a>.<\/p>\n<p>Outro item da pauta, o PL 2736\/19, do deputado Juninho do Pneu (Uni\u00e3o-RJ) altera o <a class=\"linkLegislacao\" href=\"https:\/\/www2.camara.gov.br\/legin\/fed\/lei\/1997\/lei-9503-23-setembro-1997-372348-norma-pl.html\">C\u00f3digo de Tr\u00e2nsito Brasileiro<\/a>\u00a0para exigir certid\u00e3o negativa de crimes de estelionato e apropria\u00e7\u00e3o ind\u00e9bita na transfer\u00eancia de propriedade de ve\u00edculos.<\/p>\n<p>Segundo o autor, a medida busca reduzir fraudes na venda de carros. Em alguns casos, ve\u00edculos obtidos por golpe \u2014 como em loca\u00e7\u00f5es que n\u00e3o s\u00e3o devolvidas \u2014 acabam sendo revendidos sem restri\u00e7\u00e3o nos sistemas de registro. A proposta pretende aumentar a seguran\u00e7a nas transa\u00e7\u00f5es e proteger compradores de boa-f\u00e9.<\/p>\n<p><a href=\"https:\/\/www.camara.leg.br\/evento-legislativo\/81441\">Veja a pauta completa<\/a><\/p>","protected":false},"excerpt":{"rendered":"<p>Vinicius Loures\/C\u00e2mara dos Deputados Plen\u00e1rio durante sess\u00e3o deliberativa O Plen\u00e1rio da C\u00e2mara dos Deputados re\u00fane-se nesta quinta-feira (26), a partir das 10 horas, para votar duas propostas. Est\u00e3o na pauta a Medida Provis\u00f3ria 1326\/25, que trata de reajuste para as for\u00e7as de seguran\u00e7a do Distrito Federal, e o Projeto de Lei 2736\/19, sobre regras para [&hellip;]<\/p>\n","protected":false},"author":0,"featured_media":0,"comment_status":"open","ping_status":"open","sticky":false,"template":"","format":"standard","meta":{"footnotes":""},"categories":[1],"tags":[],"_links":{"self":[{"href":"https:\/\/jeffersonisac.adv.br\/index.php\/wp-json\/wp\/v2\/posts\/15878"}],"collection":[{"href":"https:\/\/jeffersonisac.adv.br\/index.php\/wp-json\/wp\/v2\/posts"}],"about":[{"href":"https:\/\/jeffersonisac.adv.br\/index.php\/wp-json\/wp\/v2\/types\/post"}],"replies":[{"embeddable":true,"href":"https:\/\/jeffersonisac.adv.br\/index.php\/wp-json\/wp\/v2\/comments?post=15878"}],"version-history":[{"count":0,"href":"https:\/\/jeffersonisac.adv.br\/index.php\/wp-json\/wp\/v2\/posts\/15878\/revisions"}],"wp:attachment":[{"href":"https:\/\/jeffersonisac.adv.br\/index.php\/wp-json\/wp\/v2\/media?parent=15878"}],"wp:term":[{"taxonomy":"category","embeddable":true,"href":"https:\/\/jeffersonisac.adv.br\/index.php\/wp-json\/wp\/v2\/categories?post=15878"},{"taxonomy":"post_tag","embeddable":true,"href":"https:\/\/jeffersonisac.adv.br\/index.php\/wp-json\/wp\/v2\/tags?post=15878"}],"curies":[{"name":"wp","href":"https:\/\/api.w.org\/{rel}","templated":true}]}}