{"id":15879,"date":"2026-03-26T10:25:04","date_gmt":"2026-03-26T13:25:04","guid":{"rendered":"https:\/\/jeffersonisac.adv.br\/index.php\/2026\/03\/26\/comissao-aprova-criacao-de-cadastro-nacional-de-condenados-por-crimes-hediondos\/"},"modified":"2026-03-26T10:25:04","modified_gmt":"2026-03-26T13:25:04","slug":"comissao-aprova-criacao-de-cadastro-nacional-de-condenados-por-crimes-hediondos","status":"publish","type":"post","link":"https:\/\/jeffersonisac.adv.br\/index.php\/2026\/03\/26\/comissao-aprova-criacao-de-cadastro-nacional-de-condenados-por-crimes-hediondos\/","title":{"rendered":"Comiss\u00e3o aprova cria\u00e7\u00e3o de cadastro nacional de condenados por crimes hediondos"},"content":{"rendered":"<div class=\"image-container\">\n<div class=\"midia-creditos\"><em>Kayo Magalh\u00e3es \/ C\u00e2mara dos Deputados<\/em><\/div>\n<div class=\"media-wrapper\"><\/div>\n<div class=\"midia-legenda\">Delegado Paulo Bilynskyj: fragmenta\u00e7\u00e3o atual dos dados prejudica o trabalho policial<\/div>\n<\/div>\n<p>A Comiss\u00e3o de Seguran\u00e7a P\u00fablica da C\u00e2mara dos Deputados aprovou o Projeto de Lei 3813\/24, que institui o Cadastro Nacional de Pessoas Condenadas por Crime Hediondo.<\/p>\n<p>A lista tem o objetivo de reunir informa\u00e7\u00f5es essenciais sobre indiv\u00edduos condenados definitivamente para auxiliar em a\u00e7\u00f5es de preven\u00e7\u00e3o, investiga\u00e7\u00e3o e prote\u00e7\u00e3o da sociedade.<\/p>\n<p>De autoria do deputado Delegado Caveira (PL-PA), a proposta prev\u00ea a inclus\u00e3o obrigat\u00f3ria de dados de identifica\u00e7\u00e3o, perfil gen\u00e9tico, caracter\u00edsticas f\u00edsicas, fotos e registros de moradia e trabalho no sistema.<\/p>\n<p>O texto, que altera a <a href=\"https:\/\/www2.camara.leg.br\/legin\/fed\/lei\/1990\/lei-8072-25-julho-1990-372192-norma-pl.html\">Lei dos Crimes Hediondos<\/a>, tamb\u00e9m estabelece mecanismos para a divulga\u00e7\u00e3o p\u00fablica de informa\u00e7\u00f5es sobre criminosos foragidos, incluindo o uso da infraestrutura de operadoras de telefonia m\u00f3vel para o envio de alertas \u00e0 popula\u00e7\u00e3o.<\/p>\n<p><strong>Parecer<\/strong><br \/>\nOs parlamentares acolheram o <a href=\"https:\/\/www.camara.leg.br\/proposicoesWeb\/prop_mostrarintegra?codteor=3080524&amp;filename=Parecer-CSPCCO-2026-02-09\">parecer do relator<\/a>, deputado Delegado Paulo Bilynskyj (PL-SP), pela aprova\u00e7\u00e3o do projeto de lei. Bilynskyj destacou que a fragmenta\u00e7\u00e3o das bases de dados atuais prejudica o trabalho policial, em um cen\u00e1rio de mandados de pris\u00e3o n\u00e3o cumpridos, muitos deles referentes a crimes graves.<\/p>\n<p>\u201cA precariedade das bases de dados dificultam a atua\u00e7\u00e3o coordenada das for\u00e7as de seguran\u00e7a e retardam a recaptura de criminosos de alta periculosidade\u201d, afirmou.<\/p>\n<p>Para o relator, o novo cadastro \u00e9 um instrumento eficaz para \u201cunificar informa\u00e7\u00f5es e apoiar opera\u00e7\u00f5es de captura\u201d.<\/p>\n<p><strong>Viabilidade e custos<br \/>\n<\/strong>A proposta define que o custeio do cadastro ser\u00e1 realizado por meio do Fundo Nacional de Seguran\u00e7a P\u00fablica, o que garantiria, segundo Bilynskyj, a viabilidade administrativa da medida sem criar obriga\u00e7\u00f5es imposs\u00edveis de serem cumpridas pelos entes federativos.<\/p>\n<p>Al\u00e9m disso, o texto prev\u00ea a coopera\u00e7\u00e3o entre estados e a Uni\u00e3o para a atualiza\u00e7\u00e3o constante dos dados.<\/p>\n<p><strong>Pr\u00f3ximos passos<\/strong><br \/>\nO projeto, que tamb\u00e9m j\u00e1 foi aprovado pela Comiss\u00e3o de Comunica\u00e7\u00e3o, ainda ser\u00e1 analisado, em <span class=\"termoGlossario\">car\u00e1ter conclusivo<\/span>, pelas comiss\u00f5es de Finan\u00e7as e Tributa\u00e7\u00e3o; e de Constitui\u00e7\u00e3o e Justi\u00e7a e de Cidadania.<\/p>\n<p>Para virar lei, o texto precisa ser aprovado pela C\u00e2mara dos Deputados e pelo Senado Federal.<\/p>\n<p><a href=\"https:\/\/www.camara.leg.br\/noticias\/573454-SAIBA-MAIS-SOBRE-A-TRAMITACAO-DE-PROJETOS-DE-LEI\">Saiba mais sobre a tramita\u00e7\u00e3o de projetos de lei<\/a><\/p>\n<p>\u00a0<\/p>\n<p>\u00a0<\/p>\n<div><\/div>\n<p>\u00a0<\/p>\n<p>\u00a0<\/p>","protected":false},"excerpt":{"rendered":"<p>Kayo Magalh\u00e3es \/ C\u00e2mara dos Deputados Delegado Paulo Bilynskyj: fragmenta\u00e7\u00e3o atual dos dados prejudica o trabalho policial A Comiss\u00e3o de Seguran\u00e7a P\u00fablica da C\u00e2mara dos Deputados aprovou o Projeto de Lei 3813\/24, que institui o Cadastro Nacional de Pessoas Condenadas por Crime Hediondo. A lista tem o objetivo de reunir informa\u00e7\u00f5es essenciais sobre indiv\u00edduos condenados [&hellip;]<\/p>\n","protected":false},"author":0,"featured_media":0,"comment_status":"open","ping_status":"open","sticky":false,"template":"","format":"standard","meta":{"footnotes":""},"categories":[1],"tags":[],"_links":{"self":[{"href":"https:\/\/jeffersonisac.adv.br\/index.php\/wp-json\/wp\/v2\/posts\/15879"}],"collection":[{"href":"https:\/\/jeffersonisac.adv.br\/index.php\/wp-json\/wp\/v2\/posts"}],"about":[{"href":"https:\/\/jeffersonisac.adv.br\/index.php\/wp-json\/wp\/v2\/types\/post"}],"replies":[{"embeddable":true,"href":"https:\/\/jeffersonisac.adv.br\/index.php\/wp-json\/wp\/v2\/comments?post=15879"}],"version-history":[{"count":0,"href":"https:\/\/jeffersonisac.adv.br\/index.php\/wp-json\/wp\/v2\/posts\/15879\/revisions"}],"wp:attachment":[{"href":"https:\/\/jeffersonisac.adv.br\/index.php\/wp-json\/wp\/v2\/media?parent=15879"}],"wp:term":[{"taxonomy":"category","embeddable":true,"href":"https:\/\/jeffersonisac.adv.br\/index.php\/wp-json\/wp\/v2\/categories?post=15879"},{"taxonomy":"post_tag","embeddable":true,"href":"https:\/\/jeffersonisac.adv.br\/index.php\/wp-json\/wp\/v2\/tags?post=15879"}],"curies":[{"name":"wp","href":"https:\/\/api.w.org\/{rel}","templated":true}]}}