{"id":15880,"date":"2026-03-26T10:25:04","date_gmt":"2026-03-26T13:25:04","guid":{"rendered":"https:\/\/jeffersonisac.adv.br\/index.php\/2026\/03\/26\/comissao-mista-aprova-medida-provisoria-que-reajusta-remuneracao-das-forcas-de-seguranca-do-df\/"},"modified":"2026-03-26T10:25:04","modified_gmt":"2026-03-26T13:25:04","slug":"comissao-mista-aprova-medida-provisoria-que-reajusta-remuneracao-das-forcas-de-seguranca-do-df","status":"publish","type":"post","link":"https:\/\/jeffersonisac.adv.br\/index.php\/2026\/03\/26\/comissao-mista-aprova-medida-provisoria-que-reajusta-remuneracao-das-forcas-de-seguranca-do-df\/","title":{"rendered":"Comiss\u00e3o mista aprova medida provis\u00f3ria que reajusta remunera\u00e7\u00e3o das for\u00e7as de seguran\u00e7a do DF"},"content":{"rendered":"<div class=\"image-container\">\n<div class=\"midia-creditos\"><em>Kayo Magalh\u00e3es \/ C\u00e2mara dos Deputados<\/em><\/div>\n<div class=\"media-wrapper\"><\/div>\n<div class=\"midia-legenda\">Rafael Prudente: proposta corrige distor\u00e7\u00f5es acumuladas nos sal\u00e1rios das corpora\u00e7\u00f5es<\/div>\n<\/div>\n<p>A <span class=\"termoGlossario\">comiss\u00e3o mista<\/span> respons\u00e1vel pela an\u00e1lise da <a class=\"linkProposicao\" href=\"https:\/\/www.camara.leg.br\/noticias\/1228737-mp-1326-25-medida-provisoria-reajusta-remuneracao-das-forcas-de-seguranca-publica-do-df\">Medida Provis\u00f3ria (MP) 1326\/25<\/a>, que reajusta a remunera\u00e7\u00e3o da Pol\u00edcia Civil, da Pol\u00edcia Militar e do Corpo de Bombeiros Militar do Distrito Federal, aprovou na quarta-feira (25) o relat\u00f3rio do deputado Rafael Prudente (MDB-DF).<\/p>\n<p>A proposta tamb\u00e9m alcan\u00e7a policiais militares e bombeiros dos antigos territ\u00f3rios federais.<\/p>\n<p><a href=\"https:\/\/www.camara.leg.br\/proposicoesWeb\/prop_mostrarintegra?codteor=3104966&amp;filename=PAR+1\/2026+%3D%3E+MPV+1326\/2025\">Confira a \u00edntegra do relat\u00f3rio aprovado<\/a><\/p>\n<p>De acordo com o texto aprovado, o aumento salarial ser\u00e1 aplicado com percentuais que variam conforme o cargo ou a patente. O reajuste acumulado pode chegar a 28,4% para policiais militares e bombeiros do DF; 24,32% para militares dos ex-territ\u00f3rios; e entre 24,43% e 27,27% para policiais civis, dependendo da carreira.<\/p>\n<p>O parecer mant\u00e9m, ainda, o reajuste do aux\u00edlio-moradia pago \u00e0s corpora\u00e7\u00f5es militares. As despesas relativas \u00e0s for\u00e7as de seguran\u00e7a do Distrito Federal s\u00e3o custeadas pelo Fundo Constitucional do Distrito Federal (FCDF).<\/p>\n<p><strong>Corre\u00e7\u00e3o de distor\u00e7\u00f5es<\/strong><br \/>\nO relator destacou que a proposta busca corrigir distor\u00e7\u00f5es acumuladas nas remunera\u00e7\u00f5es das carreiras de seguran\u00e7a p\u00fablica da capital do pa\u00eds. &#8220;A gente se esfor\u00e7ou ao m\u00e1ximo para atender o maior n\u00famero de pleitos poss\u00edvel&#8221;, afirmou.<\/p>\n<p>Para compensar parte do impacto financeiro do reajuste do aux\u00edlio-moradia, o relat\u00f3rio prev\u00ea a extin\u00e7\u00e3o de 344 cargos efetivos vagos da administra\u00e7\u00e3o p\u00fablica federal, medida que, segundo o parecer, garante neutralidade fiscal.<\/p>\n<p>O texto aprovado tamb\u00e9m incorpora emendas parlamentares que promovem altera\u00e7\u00f5es na legisla\u00e7\u00e3o da Pol\u00edcia Civil do Distrito Federal, com o objetivo de adequar a estrutura da carreira \u00e0 <a class=\"linkLegislacao\" href=\"https:\/\/www2.camara.gov.br\/legin\/fed\/lei\/2023\/lei-14735-23-novembro-2023-794983-norma-pl.html\">Lei Org\u00e2nica Nacional das Pol\u00edcias Civis<\/a>.<\/p>\n<p><strong>Negocia\u00e7\u00f5es<\/strong><br \/>\nA presidente da comiss\u00e3o mista, senadora Leila Barros (PDT-DF), afirmou que a proposta resulta de negocia\u00e7\u00f5es conduzidas nos \u00faltimos anos.<\/p>\n<p>\u201cEssa medida provis\u00f3ria n\u00e3o nasce de forma isolada. Ela \u00e9 fruto de um processo constru\u00eddo com di\u00e1logo, responsabilidade e muita luta ao longo dos \u00faltimos anos\u201d, comentou.<\/p>\n<p><strong>Pr\u00f3ximos passos<\/strong><br \/>\nA MP 1365\/25 j\u00e1 est\u00e1 em vigor, mas precisa ser aprovada pelo Congresso Nacional para virar lei e n\u00e3o perder a validade.<\/p>\n<p>O texto ainda vai ser examinado pelos plen\u00e1rios da C\u00e2mara dos Deputados e do Senado Federal.<\/p>\n<p><a href=\"https:\/\/www.camara.leg.br\/noticias\/573452-saiba-mais-sobre-a-tramitacao-de-mps\/\">Saiba mais sobre a tramita\u00e7\u00e3o de medidas provis\u00f3rias<\/a><\/p>","protected":false},"excerpt":{"rendered":"<p>Kayo Magalh\u00e3es \/ C\u00e2mara dos Deputados Rafael Prudente: proposta corrige distor\u00e7\u00f5es acumuladas nos sal\u00e1rios das corpora\u00e7\u00f5es A comiss\u00e3o mista respons\u00e1vel pela an\u00e1lise da Medida Provis\u00f3ria (MP) 1326\/25, que reajusta a remunera\u00e7\u00e3o da Pol\u00edcia Civil, da Pol\u00edcia Militar e do Corpo de Bombeiros Militar do Distrito Federal, aprovou na quarta-feira (25) o relat\u00f3rio do deputado Rafael [&hellip;]<\/p>\n","protected":false},"author":0,"featured_media":0,"comment_status":"open","ping_status":"open","sticky":false,"template":"","format":"standard","meta":{"footnotes":""},"categories":[1],"tags":[],"_links":{"self":[{"href":"https:\/\/jeffersonisac.adv.br\/index.php\/wp-json\/wp\/v2\/posts\/15880"}],"collection":[{"href":"https:\/\/jeffersonisac.adv.br\/index.php\/wp-json\/wp\/v2\/posts"}],"about":[{"href":"https:\/\/jeffersonisac.adv.br\/index.php\/wp-json\/wp\/v2\/types\/post"}],"replies":[{"embeddable":true,"href":"https:\/\/jeffersonisac.adv.br\/index.php\/wp-json\/wp\/v2\/comments?post=15880"}],"version-history":[{"count":0,"href":"https:\/\/jeffersonisac.adv.br\/index.php\/wp-json\/wp\/v2\/posts\/15880\/revisions"}],"wp:attachment":[{"href":"https:\/\/jeffersonisac.adv.br\/index.php\/wp-json\/wp\/v2\/media?parent=15880"}],"wp:term":[{"taxonomy":"category","embeddable":true,"href":"https:\/\/jeffersonisac.adv.br\/index.php\/wp-json\/wp\/v2\/categories?post=15880"},{"taxonomy":"post_tag","embeddable":true,"href":"https:\/\/jeffersonisac.adv.br\/index.php\/wp-json\/wp\/v2\/tags?post=15880"}],"curies":[{"name":"wp","href":"https:\/\/api.w.org\/{rel}","templated":true}]}}