{"id":15881,"date":"2026-03-26T11:25:22","date_gmt":"2026-03-26T14:25:22","guid":{"rendered":"https:\/\/jeffersonisac.adv.br\/index.php\/2026\/03\/26\/comissao-aprova-porte-de-arma-para-donos-de-lojas-de-armas-e-diretores-de-clubes-de-tiro\/"},"modified":"2026-03-26T11:25:22","modified_gmt":"2026-03-26T14:25:22","slug":"comissao-aprova-porte-de-arma-para-donos-de-lojas-de-armas-e-diretores-de-clubes-de-tiro","status":"publish","type":"post","link":"https:\/\/jeffersonisac.adv.br\/index.php\/2026\/03\/26\/comissao-aprova-porte-de-arma-para-donos-de-lojas-de-armas-e-diretores-de-clubes-de-tiro\/","title":{"rendered":"Comiss\u00e3o aprova porte de arma para donos de lojas de armas e diretores de clubes de tiro"},"content":{"rendered":"<div class=\"relative flex-1 overflow-hidden overflow-y-auto\">\n<div class=\"relative h-full\">\n<div class=\"scrollbar-gutter-stable\">\n<div class=\"flex flex-col pb-9 dark:bg-transparent\">\n<div class=\"text-token-text-primary w-full border-0 bg-transparent dark:border-0 dark:bg-transparent\">\n<div class=\"m-auto justify-center p-4 py-2 md:gap-6 \">\n<div class=\"group mx-auto flex flex-1 gap-3 transition-all duration-300 transform-gpu md:max-w-[47rem] xl:max-w-[55rem] focus:outline-none focus:ring-2 focus:ring-border-xheavy message-render\">\n<div class=\"relative flex w-11\/12 flex-col agent-turn\">\n<div class=\"flex flex-col gap-1\">\n<div class=\"flex max-w-full flex-grow flex-col gap-0\">\n<div class=\"text-message flex min-h-[20px] flex-col items-start gap-3 overflow-visible [.text-message+&amp;]:mt-5\">\n<div class=\"markdown prose message-content dark:prose-invert light w-full break-words dark:text-gray-100\">\n<div class=\"image-container\">\n<div class=\"midia-creditos\"><em>Kayo Magalh\u00e3es \/ C\u00e2mara dos Deputados<\/em><\/div>\n<div class=\"media-wrapper\"><\/div>\n<div class=\"midia-legenda\">Junio Amaral \u00e9 o relator do projeto<\/div>\n<\/div>\n<p class=\"mb-2 whitespace-pre-wrap\">A Comiss\u00e3o de Seguran\u00e7a P\u00fablica da C\u00e2mara dos Deputados aprovou proposta que concede o porte de arma de fogo aos diretores de clubes de tiro desportivo e aos propriet\u00e1rios de lojas de armas.<\/p>\n<p class=\"mb-2 whitespace-pre-wrap\">O colegiado aprovou o parecer favor\u00e1vel do relator, deputado Junio Amaral (PL-MG), ao Projeto de Lei 5427\/25, do deputado Sargento Gon\u00e7alves (PL-RN). &#8220;Tais pessoas s\u00e3o capazes de demonstrar a aptid\u00e3o necess\u00e1ria para o porte da arma de fogo, que possibilitar\u00e1 a seguran\u00e7a n\u00e3o apenas de suas vidas, como tamb\u00e9m de suas empresas&#8221;, explicou o relator.<\/p>\n<p class=\"mb-2 whitespace-pre-wrap\">O <a class=\"linkLegislacao\" href=\"https:\/\/www2.camara.gov.br\/legin\/fed\/lei\/2003\/lei-10826-22-dezembro-2003-490580-norma-pl.html\">Estatuto do Desarmamento<\/a> n\u00e3o prev\u00ea especificamente essas categorias no rol de autoridades e profissionais com direito autom\u00e1tico ao porte, deixando-os dependentes da comprova\u00e7\u00e3o subjetiva de &#8220;efetiva necessidade&#8221; junto \u00e0 Pol\u00edcia Federal.<\/p>\n<p><strong>Pr\u00f3ximos passos<br \/>\n<\/strong>A proposta que tramita em <span class=\"termoGlossario\">car\u00e1ter conclusivo<\/span> ainda ser\u00e1 analisada pela Comiss\u00e3o de Constitui\u00e7\u00e3o e Justi\u00e7a e de Cidadania.\u00a0Para virar lei, o texto precisa ser aprovado pela C\u00e2mara e pelo Senado.<\/p>\n<p><a href=\"https:\/\/www.camara.leg.br\/noticias\/573454-SAIBA-MAIS-SOBRE-A-TRAMITACAO-DE-PROJETOS-DE-LEI\">Saiba mais sobre a tramita\u00e7\u00e3o de projetos de lei\u00a0<\/a><\/p>\n<\/div>\n<\/div>\n<\/div>\n<\/div>\n<\/div>\n<\/div>\n<\/div>\n<\/div>\n<\/div>\n<\/div>\n<\/div>\n<\/div>","protected":false},"excerpt":{"rendered":"<p>Kayo Magalh\u00e3es \/ C\u00e2mara dos Deputados Junio Amaral \u00e9 o relator do projeto A Comiss\u00e3o de Seguran\u00e7a P\u00fablica da C\u00e2mara dos Deputados aprovou proposta que concede o porte de arma de fogo aos diretores de clubes de tiro desportivo e aos propriet\u00e1rios de lojas de armas. O colegiado aprovou o parecer favor\u00e1vel do relator, deputado [&hellip;]<\/p>\n","protected":false},"author":0,"featured_media":0,"comment_status":"open","ping_status":"open","sticky":false,"template":"","format":"standard","meta":{"footnotes":""},"categories":[1],"tags":[],"_links":{"self":[{"href":"https:\/\/jeffersonisac.adv.br\/index.php\/wp-json\/wp\/v2\/posts\/15881"}],"collection":[{"href":"https:\/\/jeffersonisac.adv.br\/index.php\/wp-json\/wp\/v2\/posts"}],"about":[{"href":"https:\/\/jeffersonisac.adv.br\/index.php\/wp-json\/wp\/v2\/types\/post"}],"replies":[{"embeddable":true,"href":"https:\/\/jeffersonisac.adv.br\/index.php\/wp-json\/wp\/v2\/comments?post=15881"}],"version-history":[{"count":0,"href":"https:\/\/jeffersonisac.adv.br\/index.php\/wp-json\/wp\/v2\/posts\/15881\/revisions"}],"wp:attachment":[{"href":"https:\/\/jeffersonisac.adv.br\/index.php\/wp-json\/wp\/v2\/media?parent=15881"}],"wp:term":[{"taxonomy":"category","embeddable":true,"href":"https:\/\/jeffersonisac.adv.br\/index.php\/wp-json\/wp\/v2\/categories?post=15881"},{"taxonomy":"post_tag","embeddable":true,"href":"https:\/\/jeffersonisac.adv.br\/index.php\/wp-json\/wp\/v2\/tags?post=15881"}],"curies":[{"name":"wp","href":"https:\/\/api.w.org\/{rel}","templated":true}]}}