{"id":15884,"date":"2026-03-26T12:27:03","date_gmt":"2026-03-26T15:27:03","guid":{"rendered":"https:\/\/jeffersonisac.adv.br\/index.php\/2026\/03\/26\/camara-aprova-mp-com-reajuste-para-forcas-de-seguranca-do-distrito-federal-texto-vai-ao-senado\/"},"modified":"2026-03-26T12:27:03","modified_gmt":"2026-03-26T15:27:03","slug":"camara-aprova-mp-com-reajuste-para-forcas-de-seguranca-do-distrito-federal-texto-vai-ao-senado","status":"publish","type":"post","link":"https:\/\/jeffersonisac.adv.br\/index.php\/2026\/03\/26\/camara-aprova-mp-com-reajuste-para-forcas-de-seguranca-do-distrito-federal-texto-vai-ao-senado\/","title":{"rendered":"C\u00e2mara aprova MP com reajuste para for\u00e7as de seguran\u00e7a do Distrito Federal; texto vai ao Senado"},"content":{"rendered":"<div class=\"image-container\">\n<div class=\"midia-creditos\"><em>Kayo Magalh\u00e3es \/ C\u00e2mara dos Deputados<\/em><\/div>\n<div class=\"media-wrapper\"><\/div>\n<div class=\"midia-legenda\">Deputados reunidos nesta quinta<\/div>\n<\/div>\n<p>A C\u00e2mara dos Deputados aprovou, nesta quinta-feira (26), a <a class=\"linkProposicao\" href=\"https:\/\/www.camara.leg.br\/noticias\/1228737-mp-1326-25-medida-provisoria-reajusta-remuneracao-das-forcas-de-seguranca-publica-do-df\">Medida Provis\u00f3ria 1326\/25<\/a>, que reajusta a remunera\u00e7\u00e3o dos profissionais da seguran\u00e7a p\u00fablica do Distrito Federal. O texto segue para an\u00e1lise do Senado.<\/p>\n<p>A primeira parcela do reajuste foi aplicada em dezembro de 2025, e a segunda, em janeiro de 2026.<\/p>\n<p>A MP ainda corrige o aux\u00edlio-moradia e abrange tamb\u00e9m policiais e bombeiros militares dos ex-territ\u00f3rios do Amap\u00e1, de Rond\u00f4nia e de Roraima.<\/p>\n<p><strong>Compensa\u00e7\u00e3o<\/strong><br \/>\nA MP extingue 344 cargos efetivos vagos da administra\u00e7\u00e3o p\u00fablica federal como medida de compensa\u00e7\u00e3o financeira. Segundo o texto, a extin\u00e7\u00e3o dos cargos vagos compensar\u00e1 os custos financeiros da atualiza\u00e7\u00e3o nos valores do aux\u00edlio-moradia.<\/p>\n<p><strong>Outros pontos<\/strong><br \/>\nO Plen\u00e1rio acompanhou o parecer do relator na comiss\u00e3o mista da MP, deputado Rafael Prudente (MDB-DF).<\/p>\n<p>O parecer prev\u00ea ainda mudan\u00e7as no limite de idade para a inatividade militar, estabelecimento de altura m\u00ednima para concursos e a exig\u00eancia de bacharelado em Direito para o ingresso de novos oficiais.<\/p>\n<p>O relator incluiu na MP antigos pleitos de servidores dos ex-territ\u00f3rios federais, como a inclus\u00e3o em quadros em extin\u00e7\u00e3o da Uni\u00e3o para quem mantinha v\u00ednculos empregat\u00edcios. A isonomia salarial para professores pioneiros foi assegurada.<\/p>\n<p><strong>Mais informa\u00e7\u00f5es a seguir.<\/strong><\/p>","protected":false},"excerpt":{"rendered":"<p>Kayo Magalh\u00e3es \/ C\u00e2mara dos Deputados Deputados reunidos nesta quinta A C\u00e2mara dos Deputados aprovou, nesta quinta-feira (26), a Medida Provis\u00f3ria 1326\/25, que reajusta a remunera\u00e7\u00e3o dos profissionais da seguran\u00e7a p\u00fablica do Distrito Federal. O texto segue para an\u00e1lise do Senado. A primeira parcela do reajuste foi aplicada em dezembro de 2025, e a segunda, [&hellip;]<\/p>\n","protected":false},"author":0,"featured_media":0,"comment_status":"open","ping_status":"open","sticky":false,"template":"","format":"standard","meta":{"footnotes":""},"categories":[1],"tags":[],"_links":{"self":[{"href":"https:\/\/jeffersonisac.adv.br\/index.php\/wp-json\/wp\/v2\/posts\/15884"}],"collection":[{"href":"https:\/\/jeffersonisac.adv.br\/index.php\/wp-json\/wp\/v2\/posts"}],"about":[{"href":"https:\/\/jeffersonisac.adv.br\/index.php\/wp-json\/wp\/v2\/types\/post"}],"replies":[{"embeddable":true,"href":"https:\/\/jeffersonisac.adv.br\/index.php\/wp-json\/wp\/v2\/comments?post=15884"}],"version-history":[{"count":0,"href":"https:\/\/jeffersonisac.adv.br\/index.php\/wp-json\/wp\/v2\/posts\/15884\/revisions"}],"wp:attachment":[{"href":"https:\/\/jeffersonisac.adv.br\/index.php\/wp-json\/wp\/v2\/media?parent=15884"}],"wp:term":[{"taxonomy":"category","embeddable":true,"href":"https:\/\/jeffersonisac.adv.br\/index.php\/wp-json\/wp\/v2\/categories?post=15884"},{"taxonomy":"post_tag","embeddable":true,"href":"https:\/\/jeffersonisac.adv.br\/index.php\/wp-json\/wp\/v2\/tags?post=15884"}],"curies":[{"name":"wp","href":"https:\/\/api.w.org\/{rel}","templated":true}]}}