{"id":15890,"date":"2026-03-26T16:27:40","date_gmt":"2026-03-26T19:27:40","guid":{"rendered":"https:\/\/jeffersonisac.adv.br\/index.php\/2026\/03\/26\/comissao-aprova-proposta-para-incluir-ayrton-senna-no-livro-dos-herois-da-patria\/"},"modified":"2026-03-26T16:27:40","modified_gmt":"2026-03-26T19:27:40","slug":"comissao-aprova-proposta-para-incluir-ayrton-senna-no-livro-dos-herois-da-patria","status":"publish","type":"post","link":"https:\/\/jeffersonisac.adv.br\/index.php\/2026\/03\/26\/comissao-aprova-proposta-para-incluir-ayrton-senna-no-livro-dos-herois-da-patria\/","title":{"rendered":"Comiss\u00e3o aprova proposta para incluir Ayrton Senna no Livro dos Her\u00f3is da P\u00e1tria"},"content":{"rendered":"<div class=\"image-container\">\n<div class=\"midia-creditos\"><em>Wikimedia Commons \/ Instituto Ayrton Senna \/ CC BY<\/em><\/div>\n<div class=\"media-wrapper\"><\/div>\n<div class=\"midia-legenda\">Ayrton Senna, piloto de F\u00f3rmula 1 morto em 1994<\/div>\n<\/div>\n<p>A Comiss\u00e3o de Constitui\u00e7\u00e3o e Justi\u00e7a e de Cidadania da C\u00e2mara dos Deputados aprovou o Projeto de Lei 789\/24, do Senado, que inscreve o nome do piloto Ayrton Senna da Silva no Livro dos Her\u00f3is e Hero\u00ednas da P\u00e1tria. O texto segue para san\u00e7\u00e3o presidencial. O projeto foi apresentado em 2024, 30 anos ap\u00f3s a morte do tricampe\u00e3o de F\u00f3rmula 1.<\/p>\n<p>Tamb\u00e9m foram aprovadas outras nove propostas relacionadas a datas e homenagens:<\/p>\n<p>PL 2078\/25, do deputado Jonas Donizette (PSB-SP), que inscreve o nome do Beato Padre Donizetti Tavares de Lima no Livro dos Her\u00f3is e Hero\u00ednas da P\u00e1tria;<br \/>\nPL 24518\/25, do deputado Jonas Donizette, que institui 24 de abril como Dia do Samurai;<br \/>\nPL 3633\/25, da deputada Laura Carneiro (PSD-RJ), que institui 1\u00ba de junho como Dia Nacional da Parentalidade;<br \/>\nPL 3806\/25, da deputada Laura Carneiro, que altera a lei que institui a Semana Nacional de Conscientiza\u00e7\u00e3o sobre a Depress\u00e3o para ampliar seus objetivos;<br \/>\nPL 2823\/23, do deputado Capit\u00e3o Augusto (PL-SP), que d\u00e1 a Mar\u00edlia (SP) o t\u00edtulo de Capital Nacional do Alimento;<br \/>\nPL 4582\/21, do ex-deputado Otavio Leite (RJ), que declara a Charanga do Flamengo, primeira torcida organizada e orquestrada do Brasil, como patrim\u00f4nio cultural imaterial brasileiro;<br \/>\nPL 2179\/19, do deputado Pastor Sargento Isid\u00f3rio (Avante-BA), que declara o evento Marcha para Jesus como bem imaterial e cultural da na\u00e7\u00e3o brasileira;<br \/>\nPL 33\/25, do deputado Ricardo Ayres (Republicanos-TO), que declara as Folias do Divino Esp\u00edrito Santo realizadas no Tocantins como manifesta\u00e7\u00e3o da cultura nacional;<br \/>\nPL 2992\/23, do Senado, que cria o Roteiro Tur\u00edstico Caminho da F\u00e9 em cidades de Minas Gerais e S\u00e3o Paulo.<\/p>\n<p><strong>Pr\u00f3ximos passos<\/strong><br \/>\nA maioria dos projetos tramitou em <span class=\"termoGlossario\">car\u00e1ter conclusivo<\/span> e ir\u00e1 para o Senado, caso n\u00e3o haja recurso para ser analisada pelo Plen\u00e1rio da C\u00e2mara. Duas propostas (PLs 2992\/23 e 789\/24), vindas do Senado, seguem para san\u00e7\u00e3o presidencial, se n\u00e3o houver recurso.<\/p>\n<p><a href=\"https:\/\/www.camara.leg.br\/noticias\/573454-SAIBA-MAIS-SOBRE-A-TRAMITACAO-DE-PROJETOS-DE-LEI\">Saiba mais sobre a tramita\u00e7\u00e3o de projetos de lei<\/a><\/p>","protected":false},"excerpt":{"rendered":"<p>Wikimedia Commons \/ Instituto Ayrton Senna \/ CC BY Ayrton Senna, piloto de F\u00f3rmula 1 morto em 1994 A Comiss\u00e3o de Constitui\u00e7\u00e3o e Justi\u00e7a e de Cidadania da C\u00e2mara dos Deputados aprovou o Projeto de Lei 789\/24, do Senado, que inscreve o nome do piloto Ayrton Senna da Silva no Livro dos Her\u00f3is e Hero\u00ednas [&hellip;]<\/p>\n","protected":false},"author":0,"featured_media":0,"comment_status":"open","ping_status":"open","sticky":false,"template":"","format":"standard","meta":{"footnotes":""},"categories":[1],"tags":[],"_links":{"self":[{"href":"https:\/\/jeffersonisac.adv.br\/index.php\/wp-json\/wp\/v2\/posts\/15890"}],"collection":[{"href":"https:\/\/jeffersonisac.adv.br\/index.php\/wp-json\/wp\/v2\/posts"}],"about":[{"href":"https:\/\/jeffersonisac.adv.br\/index.php\/wp-json\/wp\/v2\/types\/post"}],"replies":[{"embeddable":true,"href":"https:\/\/jeffersonisac.adv.br\/index.php\/wp-json\/wp\/v2\/comments?post=15890"}],"version-history":[{"count":0,"href":"https:\/\/jeffersonisac.adv.br\/index.php\/wp-json\/wp\/v2\/posts\/15890\/revisions"}],"wp:attachment":[{"href":"https:\/\/jeffersonisac.adv.br\/index.php\/wp-json\/wp\/v2\/media?parent=15890"}],"wp:term":[{"taxonomy":"category","embeddable":true,"href":"https:\/\/jeffersonisac.adv.br\/index.php\/wp-json\/wp\/v2\/categories?post=15890"},{"taxonomy":"post_tag","embeddable":true,"href":"https:\/\/jeffersonisac.adv.br\/index.php\/wp-json\/wp\/v2\/tags?post=15890"}],"curies":[{"name":"wp","href":"https:\/\/api.w.org\/{rel}","templated":true}]}}