{"id":15891,"date":"2026-03-26T16:27:40","date_gmt":"2026-03-26T19:27:40","guid":{"rendered":"https:\/\/jeffersonisac.adv.br\/index.php\/2026\/03\/26\/comissao-aprova-prazo-de-seis-meses-para-conclusao-de-processos-administrativos-prioritarios\/"},"modified":"2026-03-26T16:27:40","modified_gmt":"2026-03-26T19:27:40","slug":"comissao-aprova-prazo-de-seis-meses-para-conclusao-de-processos-administrativos-prioritarios","status":"publish","type":"post","link":"https:\/\/jeffersonisac.adv.br\/index.php\/2026\/03\/26\/comissao-aprova-prazo-de-seis-meses-para-conclusao-de-processos-administrativos-prioritarios\/","title":{"rendered":"Comiss\u00e3o aprova prazo de seis meses para conclus\u00e3o de processos administrativos priorit\u00e1rios"},"content":{"rendered":"<div class=\"image-container\">\n<div class=\"midia-creditos\"><em>Vinicius Loures \/ C\u00e2mara dos Deputados<\/em><\/div>\n<div class=\"media-wrapper\"><\/div>\n<div class=\"midia-legenda\">Deputado Ricardo Ayres, relator do projeto de lei<\/div>\n<\/div>\n<p class=\"mb-2 whitespace-pre-wrap\">A Comiss\u00e3o de Constitui\u00e7\u00e3o e Justi\u00e7a e de Cidadania da C\u00e2mara dos Deputados aprovou projeto de lei que fixa o prazo m\u00e1ximo de seis meses para a conclus\u00e3o de processos administrativos federais que tramitam em regime de prioridade \u2014 benef\u00edcio garantido por lei a idosos, pessoas com defici\u00eancia e pessoas com doen\u00e7as graves.<\/p>\n<p class=\"mb-2 whitespace-pre-wrap\">Atualmente, a lei garante a prioridade na tramita\u00e7\u00e3o para grupos vulner\u00e1veis, mas n\u00e3o define um tempo limite para que o governo analise os pedidos. Com a mudan\u00e7a, a administra\u00e7\u00e3o p\u00fablica ter\u00e1 at\u00e9 seis meses para concluir a an\u00e1lise, contados a partir do protocolo devidamente instru\u00eddo.<\/p>\n<p class=\"mb-2 whitespace-pre-wrap\">Esse prazo n\u00e3o ser\u00e1 absoluto. O texto permite prorroga\u00e7\u00e3o excepcional, desde que a autoridade competente apresente uma justificativa fundamentada (por motivos materiais, operacionais ou de instru\u00e7\u00e3o) e informe ao cidad\u00e3o o novo prazo estimado.<\/p>\n<p>Como foi analisada em <span class=\"termoGlossario\">car\u00e1ter conclusivo<\/span>, a proposta poder\u00e1 seguir para o Senado, salvo se houver recurso para an\u00e1lise no Plen\u00e1rio da C\u00e2mara. Para virar lei, a vers\u00e3o final do texto precisa ser aprovada pelas duas Casas.<\/p>\n<p class=\"mb-2 whitespace-pre-wrap\">Por recomenda\u00e7\u00e3o do relator, deputado Ricardo Ayres (Republicanos-TO), o colegiado aprovou o <span class=\"termoGlossario\">substitutivo<\/span> adotado pela Comiss\u00e3o de Administra\u00e7\u00e3o e Servi\u00e7o P\u00fablico ao <a class=\"linkProposicao\" href=\"https:\/\/www.camara.leg.br\/noticias\/1135412-projeto-limita-a-6-meses-tramitacao-de-processo-administrativo-prioritario\">Projeto de Lei 187\/25<\/a>, de autoria da deputada Laura Carneiro (PSD-RJ).<\/p>\n<p class=\"mb-2 whitespace-pre-wrap\"><strong>Concess\u00e3o de direitos<br \/>\n<\/strong>O texto aprovado restringe a regra do prazo m\u00e1ximo apenas aos processos que tratam da concess\u00e3o de direitos ou benef\u00edcios em favor da parte.<\/p>\n<p class=\"mb-2 whitespace-pre-wrap\">Isso significa que processos de natureza sancionat\u00f3ria (como puni\u00e7\u00f5es disciplinares ou multas), mesmo envolvendo idosos ou pessoas com defici\u00eancia, n\u00e3o estar\u00e3o sujeitos a esse limite r\u00edgido de seis meses. Segundo Ricardo Ayres, essa distin\u00e7\u00e3o \u00e9 necess\u00e1ria para &#8220;evitar a impunidade ou o cerceamento de defesa em casos complexos que exigem mais tempo de investiga\u00e7\u00e3o&#8221;.<\/p>\n<p class=\"mb-2 whitespace-pre-wrap\"><strong>Responsabilidade do servidor<br \/>\n<\/strong>O texto tamb\u00e9m prev\u00ea que o descumprimento do prazo de seis meses n\u00e3o gerar\u00e1 puni\u00e7\u00e3o autom\u00e1tica para a administra\u00e7\u00e3o ou seus agentes, se ficar provado que a demora ocorreu por fatores alheios \u00e0 sua vontade ou pela complexidade do caso. A proposta altera a Lei de Processo Administrativo Federal (<a class=\"linkLegislacao\" href=\"https:\/\/www2.camara.gov.br\/legin\/fed\/lei\/1999\/lei-9784-29-janeiro-1999-322239-norma-pl.html\">Lei 9.784\/1999<\/a>).<\/p>\n<p><a href=\"https:\/\/www.camara.leg.br\/noticias\/573454-SAIBA-MAIS-SOBRE-A-TRAMITACAO-DE-PROJETOS-DE-LEI\">Saiba mais sobre a tramita\u00e7\u00e3o de projetos de lei<\/a><\/p>","protected":false},"excerpt":{"rendered":"<p>Vinicius Loures \/ C\u00e2mara dos Deputados Deputado Ricardo Ayres, relator do projeto de lei A Comiss\u00e3o de Constitui\u00e7\u00e3o e Justi\u00e7a e de Cidadania da C\u00e2mara dos Deputados aprovou projeto de lei que fixa o prazo m\u00e1ximo de seis meses para a conclus\u00e3o de processos administrativos federais que tramitam em regime de prioridade \u2014 benef\u00edcio garantido [&hellip;]<\/p>\n","protected":false},"author":0,"featured_media":0,"comment_status":"open","ping_status":"open","sticky":false,"template":"","format":"standard","meta":{"footnotes":""},"categories":[1],"tags":[],"_links":{"self":[{"href":"https:\/\/jeffersonisac.adv.br\/index.php\/wp-json\/wp\/v2\/posts\/15891"}],"collection":[{"href":"https:\/\/jeffersonisac.adv.br\/index.php\/wp-json\/wp\/v2\/posts"}],"about":[{"href":"https:\/\/jeffersonisac.adv.br\/index.php\/wp-json\/wp\/v2\/types\/post"}],"replies":[{"embeddable":true,"href":"https:\/\/jeffersonisac.adv.br\/index.php\/wp-json\/wp\/v2\/comments?post=15891"}],"version-history":[{"count":0,"href":"https:\/\/jeffersonisac.adv.br\/index.php\/wp-json\/wp\/v2\/posts\/15891\/revisions"}],"wp:attachment":[{"href":"https:\/\/jeffersonisac.adv.br\/index.php\/wp-json\/wp\/v2\/media?parent=15891"}],"wp:term":[{"taxonomy":"category","embeddable":true,"href":"https:\/\/jeffersonisac.adv.br\/index.php\/wp-json\/wp\/v2\/categories?post=15891"},{"taxonomy":"post_tag","embeddable":true,"href":"https:\/\/jeffersonisac.adv.br\/index.php\/wp-json\/wp\/v2\/tags?post=15891"}],"curies":[{"name":"wp","href":"https:\/\/api.w.org\/{rel}","templated":true}]}}