{"id":15892,"date":"2026-03-26T16:27:40","date_gmt":"2026-03-26T19:27:40","guid":{"rendered":"https:\/\/jeffersonisac.adv.br\/index.php\/2026\/03\/26\/motoristas-de-aplicativo-pedem-maior-remuneracao-e-mais-seguranca-em-debate-na-camara\/"},"modified":"2026-03-26T16:27:40","modified_gmt":"2026-03-26T19:27:40","slug":"motoristas-de-aplicativo-pedem-maior-remuneracao-e-mais-seguranca-em-debate-na-camara","status":"publish","type":"post","link":"https:\/\/jeffersonisac.adv.br\/index.php\/2026\/03\/26\/motoristas-de-aplicativo-pedem-maior-remuneracao-e-mais-seguranca-em-debate-na-camara\/","title":{"rendered":"Motoristas de aplicativo pedem maior remunera\u00e7\u00e3o e mais seguran\u00e7a em debate na C\u00e2mara"},"content":{"rendered":"<div class=\"image-container\">\n<div class=\"midia-creditos\"><em>Bruno Spada \/ C\u00e2mara dos Deputados<\/em><\/div>\n<div class=\"media-wrapper\"><\/div>\n<div class=\"midia-legenda\">Debate sobre trabalho digital promovido pelo Cedes, na C\u00e2mara<\/div>\n<\/div>\n<p>Representante de motoristas de aplicativos disse na C\u00e2mara dos Deputados que a categoria precisa ultrapassar duas barreiras para ter condi\u00e7\u00f5es de continuar trabalhando: a dos ganhos e a da seguran\u00e7a. O debate sobre trabalho digital foi promovido pelo Centro de Estudos e Debates Estrat\u00e9gicos (Cedes).<\/p>\n<p>Denis Moura, diretor da Federa\u00e7\u00e3o Brasileira de Motoristas de Aplicativos, disse que o algoritmo usado pelos aplicativos requer uma produtividade muito alta para que a pessoa tenha ganhos significativos.<\/p>\n<p>\u201cPara voc\u00ea levar benef\u00edcio a grandes massas, voc\u00ea tem que necessariamente usar os algoritmos. E a nossa batalha, e eu acho que vai ser uma batalha muito longa ainda, \u00e9 buscar humaniza\u00e7\u00e3o para essa rela\u00e7\u00e3o. \u00c9 uma rela\u00e7\u00e3o que favorece o motorista, as pessoas realmente geram renda, mas se iludem muito\u201d, disse.<\/p>\n<p>Moura solicitou que o governo fa\u00e7a um cadastro nacional dos motoristas para que sejam conhecidos mais dados sobre este tipo de trabalho. A C\u00e2mara discute um projeto (<a class=\"linkProposicao\" href=\"https:\/\/www.camara.leg.br\/noticias\/1181948-projeto-cria-novo-marco-legal-do-transporte-individual-por-aplicativo-no-pais\">PLP 152\/25<\/a>) para regulamentar este tipo de trabalho.<\/p>\n<p><strong>Risco de morte<\/strong><br \/>\nA barreira da seguran\u00e7a, segundo Denis Moura, ocorre no acesso a comunidades cariocas, por exemplo. Ele disse que existem comunidades que t\u00eam \u00e1reas de embarque e desembarque, em que, daquelas locais em diante, o usu\u00e1rio tem que buscar alternativas como o motot\u00e1xi.<\/p>\n<p>Denis sugeriu que o pr\u00f3prio aplicativo de mobilidade fa\u00e7a uma restri\u00e7\u00e3o para este tipo de \u00e1rea em outras comunidades, evitando que o motorista aceite uma corrida na qual corra risco de morte. Outra op\u00e7\u00e3o seria n\u00e3o punir os motoristas que cancelam estas corridas.<\/p>\n<p>Andr\u00e9 Porto, diretor da Associa\u00e7\u00e3o Brasileira de Mobilidade e Tecnologia, disse que a sociedade poderia considerar esta atitude discriminat\u00f3ria.<\/p>\n<p>\u201cObviamente que, no senso comum, muitas vezes, a gente diz: n\u00e3o entra naquela comunidade porque \u00e9 perigoso. Mas o que vai dizer isso? O que, de maneira objetiva, vai dizer isso? Acho que esse \u00e9 o primeiro ponto. E o segundo ponto, que para a gente \u00e9 mais importante ainda, \u00e9 como \u00e9 que a gente n\u00e3o discrimina as comunidades\u201d, observou.<\/p>\n<p>Andr\u00e9 disse que s\u00e3o 2,2 milh\u00f5es de motoristas e entregadores por aplicativos no pa\u00eds. Segundo ele, 35% das corridas t\u00eam como origem e destino as comunidades.<\/p>\n<p>O deputado Helio Lopes (PL-RJ) sugeriu que empresas e motoristas aumentem a sua intera\u00e7\u00e3o para que estes problemas possam ser solucionados.<\/p>\n<p><strong>Condi\u00e7\u00f5es estruturais<\/strong><br \/>\nPara Amanda Trentin, do Instituto Gerando Falc\u00f5es, para superar a extrema pobreza e a pobreza em v\u00e1rias regi\u00f5es, n\u00e3o basta oferecer alternativas como o trabalho digital. \u00c9 necess\u00e1rio mudar as condi\u00e7\u00f5es estruturais, como a moradia.<\/p>\n<p>Ela lembrou que s\u00e3o 59 milh\u00f5es em situa\u00e7\u00e3o de pobreza, ou seja, que ganham cerca de R$ 694 por m\u00eas. Na extrema pobreza, ou renda de R$ 218 por m\u00eas, s\u00e3o 9,5 milh\u00f5es.<\/p>","protected":false},"excerpt":{"rendered":"<p>Bruno Spada \/ C\u00e2mara dos Deputados Debate sobre trabalho digital promovido pelo Cedes, na C\u00e2mara Representante de motoristas de aplicativos disse na C\u00e2mara dos Deputados que a categoria precisa ultrapassar duas barreiras para ter condi\u00e7\u00f5es de continuar trabalhando: a dos ganhos e a da seguran\u00e7a. O debate sobre trabalho digital foi promovido pelo Centro de [&hellip;]<\/p>\n","protected":false},"author":0,"featured_media":0,"comment_status":"open","ping_status":"open","sticky":false,"template":"","format":"standard","meta":{"footnotes":""},"categories":[1],"tags":[],"_links":{"self":[{"href":"https:\/\/jeffersonisac.adv.br\/index.php\/wp-json\/wp\/v2\/posts\/15892"}],"collection":[{"href":"https:\/\/jeffersonisac.adv.br\/index.php\/wp-json\/wp\/v2\/posts"}],"about":[{"href":"https:\/\/jeffersonisac.adv.br\/index.php\/wp-json\/wp\/v2\/types\/post"}],"replies":[{"embeddable":true,"href":"https:\/\/jeffersonisac.adv.br\/index.php\/wp-json\/wp\/v2\/comments?post=15892"}],"version-history":[{"count":0,"href":"https:\/\/jeffersonisac.adv.br\/index.php\/wp-json\/wp\/v2\/posts\/15892\/revisions"}],"wp:attachment":[{"href":"https:\/\/jeffersonisac.adv.br\/index.php\/wp-json\/wp\/v2\/media?parent=15892"}],"wp:term":[{"taxonomy":"category","embeddable":true,"href":"https:\/\/jeffersonisac.adv.br\/index.php\/wp-json\/wp\/v2\/categories?post=15892"},{"taxonomy":"post_tag","embeddable":true,"href":"https:\/\/jeffersonisac.adv.br\/index.php\/wp-json\/wp\/v2\/tags?post=15892"}],"curies":[{"name":"wp","href":"https:\/\/api.w.org\/{rel}","templated":true}]}}